{"id":18368,"date":"2024-02-01T10:13:50","date_gmt":"2024-02-01T13:13:50","guid":{"rendered":"https:\/\/dgospel.com.br\/portal\/?p=18368"},"modified":"2024-02-01T10:13:52","modified_gmt":"2024-02-01T13:13:52","slug":"projeto-de-lei-incentiva-criacao-de-reservas-particulares-as-chamadas-rppns","status":"publish","type":"post","link":"https:\/\/dgospel.com.br\/portal\/index.php\/2024\/02\/01\/projeto-de-lei-incentiva-criacao-de-reservas-particulares-as-chamadas-rppns\/","title":{"rendered":"Projeto de lei incentiva cria\u00e7\u00e3o de reservas particulares, as chamadas RPPNs"},"content":{"rendered":"\n<p>O Brasil conta hoje com mais de 530 mil hectares de \u00e1reas ambientais protegidas em Reservas Particulares de Patrim\u00f4nio Natural. Mas, segundo especialistas, a extens\u00e3o poderia chegar a 5 milh\u00f5es de hectares se houvesse mais incentivo.<\/p>\n\n\n\n<p>Um projeto de lei (<a href=\"https:\/\/www.camara.leg.br\/noticias\/556571-proposta-quer-incentivar-a-criacao-de-reservas-ambientais-particulares\">PL 784\/19<\/a>) em discuss\u00e3o na C\u00e2mara dos Deputados, j\u00e1 aprovado em duas comiss\u00f5es, pretende corrigir lacunas na legisla\u00e7\u00e3o e estimular as reservas, tamb\u00e9m conhecidas pela sigla RPPN. A deputada Camila Jara (PT-MS) \u00e9 relatora do projeto na Comiss\u00e3o de Finan\u00e7as e Tributa\u00e7\u00e3o, que \u00e9 a pr\u00f3xima a analisar o texto.<\/p>\n\n\n\n<p>&#8220;O projeto incentiva que mais propriet\u00e1rios convertam parte de suas propriedades em RPPN&#8221;, afirma Camila. &#8220;Hoje em dia, o propriet\u00e1rio de RPPN, que n\u00e3o \u00e9 uma unidade de preserva\u00e7\u00e3o e conserva\u00e7\u00e3o, n\u00e3o consegue captar recursos de compra de cr\u00e9dito de carbono, por exemplo&#8221;, explica a deputada. &#8220;Agora, corrigindo a natureza jur\u00eddica, a gente vai conseguir trazer esse incentivo fiscal.&#8221;<\/p>\n\n\n\n<p><strong>Experi\u00eancias<\/strong><br>A RPPN est\u00e1 prevista na <a href=\"https:\/\/www2.camara.leg.br\/legin\/fed\/lei\/2000\/lei-9985-18-julho-2000-359708-norma-pl.html\">lei que criou o Sistema Nacional de Unidades de Conserva\u00e7\u00e3o<\/a>. As reservas s\u00e3o reconhecidas pelo Poder P\u00fablico, mas criadas a partir da inciativa de propriet\u00e1rios que destinam, em car\u00e1ter perp\u00e9tuo, suas propriedades para a preserva\u00e7\u00e3o da natureza. Foi o que fez F\u00e1bio Padula, que criou a RPPN Bacupari em Cavalcante (GO).<\/p>\n\n\n\n<p>\u201cA RPPN, embora obede\u00e7a a v\u00e1rias regulamenta\u00e7\u00f5es oficiais, tem uma gest\u00e3o pr\u00f3pria, o que deixa isso muito f\u00e1cil, muito leve. E gera ci\u00eancia, gera estudos, gera conhecimento, gera a economia do turismo tamb\u00e9m\u201d, diz F\u00e1bio Padula.<\/p>\n\n\n\n<p>O propriet\u00e1rio da RPPN &#8220;Entre Veadeiros&#8221;, Andr\u00e9 Aquino, explica porque decidiu destinar sua propriedade, localizada no entorno do Parque Nacional da Chapada dos Veadeiros, a 350 km de Bras\u00edlia, \u00e0 cria\u00e7\u00e3o de uma reserva.<\/p>\n\n\n\n<p>\u201cEu acredito que as RPPN podem demonstrar que a preserva\u00e7\u00e3o atrai recursos \u2013 turismo, servi\u00e7os ecossist\u00eamicos&#8221;, afirma Aquino. &#8220;O embate \u00e9 entre a utiliza\u00e7\u00e3o de terras para fins que hoje geram lucro, como agricultura comercial ou pecu\u00e1ria, ou para fins outros que n\u00e3o geram lucros diretamente, mas que t\u00eam um valor muito maior para sociedade, que s\u00e3o os servi\u00e7os ecossist\u00eamicos \u2013 a \u00e1gua, a biodiversidade\u201d, ressalta Andr\u00e9 Aquino.<\/p>\n\n\n\n<p>Com quase 2 mil hectares, uma outra RPPN a 50 km do Parque Nacional da Chapada dos Veadeiros, em S\u00e3o Jo\u00e3o d\u2019Alian\u00e7a (GO), integra uma rede de prote\u00e7\u00e3o para esp\u00e9cies amea\u00e7adas. \u00c9 a RPPN Vale das Araras, de propriedade de Richard Avolio.<\/p>\n\n\n\n<p>&#8220;Adquiri essa propriedade em Cavalcante, no entorno do Parque Nacional, numa \u00e1rea que tem uma relev\u00e2ncia muito grande no que diz respeito \u00e0 quest\u00e3o ambiental, biodiversidade do Cerrado, principalmente&#8221;, explica.<\/p>\n\n\n\n<p><strong>Prote\u00e7\u00e3o dos biomas<\/strong><br>As reservas privadas formam importantes corredores de conex\u00e3o com grandes unidades de conserva\u00e7\u00e3o p\u00fablicas, como parques, garantindo ref\u00fagio para a fauna e a sobreviv\u00eancia de todo um ecossistema.<\/p>\n\n\n\n<p>Por meio de monitoramento dessas \u00e1reas, o Minist\u00e9rio do Meio Ambiente consegue acompanhar a sa\u00fade dos biomas brasileiros, como conta Ronaldo Morato, do Minist\u00e9rio do Meio Ambiente.<\/p>\n\n\n\n<p>\u201cS\u00e3o \u00e1reas onde a gente faz monitoramento dessa diversidade, por exemplo, da fauna \u2013 de mam\u00edferos, aves, r\u00e9pteis. E a gente usa esse monitoramento pra gerar informa\u00e7\u00e3o, pra entender quais s\u00e3o as press\u00f5es que est\u00e3o ocorrendo sobre a fauna, sobre a nossa biodiversidade, e nos preparar ou agir imediatamente pra conter essas amea\u00e7as\u201d, afirma Ronaldo Morato.<\/p>\n\n\n\n<p><strong>Tramita\u00e7\u00e3o<\/strong><br>A proposta que pretende incentivar a cria\u00e7\u00e3o de mais Reservas Particulares de Patrim\u00f4nio Natural ainda depende da avalia\u00e7\u00e3o das comiss\u00f5es de Finan\u00e7as e Tributa\u00e7\u00e3o e de Constitui\u00e7\u00e3o e Justi\u00e7a.<\/p>\n\n\n\n<p>O texto n\u00e3o precisa passar pelo Plen\u00e1rio e, se aprovado nas comiss\u00f5es, poder\u00e1 seguir diretamente para a avalia\u00e7\u00e3o do Senado.<\/p>\n\n\n\n<p>Fonte: Ag\u00eancia C\u00e2mara de Not\u00edcias<\/p>\n","protected":false},"excerpt":{"rendered":"<p>O Brasil conta hoje com mais de 530 mil hectares de \u00e1reas ambientais protegidas em Reservas Particulares de Patrim\u00f4nio Natural. Mas, segundo especialistas, a extens\u00e3o poderia chegar a 5 milh\u00f5es de hectares se houvesse mais incentivo. Um projeto de lei (PL 784\/19) em discuss\u00e3o na C\u00e2mara dos Deputados, j\u00e1 aprovado em duas comiss\u00f5es, pretende corrigir [&hellip;]<\/p>\n","protected":false},"author":2,"featured_media":18369,"comment_status":"open","ping_status":"open","sticky":false,"template":"","format":"standard","meta":[],"categories":[8],"tags":[],"_links":{"self":[{"href":"https:\/\/dgospel.com.br\/portal\/index.php\/wp-json\/wp\/v2\/posts\/18368"}],"collection":[{"href":"https:\/\/dgospel.com.br\/portal\/index.php\/wp-json\/wp\/v2\/posts"}],"about":[{"href":"https:\/\/dgospel.com.br\/portal\/index.php\/wp-json\/wp\/v2\/types\/post"}],"author":[{"embeddable":true,"href":"https:\/\/dgospel.com.br\/portal\/index.php\/wp-json\/wp\/v2\/users\/2"}],"replies":[{"embeddable":true,"href":"https:\/\/dgospel.com.br\/portal\/index.php\/wp-json\/wp\/v2\/comments?post=18368"}],"version-history":[{"count":1,"href":"https:\/\/dgospel.com.br\/portal\/index.php\/wp-json\/wp\/v2\/posts\/18368\/revisions"}],"predecessor-version":[{"id":18370,"href":"https:\/\/dgospel.com.br\/portal\/index.php\/wp-json\/wp\/v2\/posts\/18368\/revisions\/18370"}],"wp:featuredmedia":[{"embeddable":true,"href":"https:\/\/dgospel.com.br\/portal\/index.php\/wp-json\/wp\/v2\/media\/18369"}],"wp:attachment":[{"href":"https:\/\/dgospel.com.br\/portal\/index.php\/wp-json\/wp\/v2\/media?parent=18368"}],"wp:term":[{"taxonomy":"category","embeddable":true,"href":"https:\/\/dgospel.com.br\/portal\/index.php\/wp-json\/wp\/v2\/categories?post=18368"},{"taxonomy":"post_tag","embeddable":true,"href":"https:\/\/dgospel.com.br\/portal\/index.php\/wp-json\/wp\/v2\/tags?post=18368"}],"curies":[{"name":"wp","href":"https:\/\/api.w.org\/{rel}","templated":true}]}}