{"id":18371,"date":"2024-02-01T10:16:28","date_gmt":"2024-02-01T13:16:28","guid":{"rendered":"https:\/\/dgospel.com.br\/portal\/?p=18371"},"modified":"2024-02-01T10:16:31","modified_gmt":"2024-02-01T13:16:31","slug":"congresso-volta-do-recesso-em-fevereiro-com-20-medidas-provisorias-na-pauta","status":"publish","type":"post","link":"https:\/\/dgospel.com.br\/portal\/index.php\/2024\/02\/01\/congresso-volta-do-recesso-em-fevereiro-com-20-medidas-provisorias-na-pauta\/","title":{"rendered":"Congresso volta do recesso em fevereiro com 20 medidas provis\u00f3rias na pauta"},"content":{"rendered":"\n<p>O Congresso Nacional retoma os trabalhos em fevereiro com 20 medidas provis\u00f3rias (MPs) pendentes de vota\u00e7\u00e3o. A mat\u00e9ria mais pol\u00eamica \u00e9 a que reonera a folha de pagamentos de 17 setores da economia. Outras dez proposi\u00e7\u00f5es liberam R$ 96 bilh\u00f5es para a quita\u00e7\u00e3o de precat\u00f3rios e o enfrentamento de desastres clim\u00e1ticos.<\/p>\n\n\n\n<p>Na volta do recesso parlamentar, o impasse gira em torno da <a href=\"https:\/\/www.camara.leg.br\/noticias\/1029895-executivo-publica-medida-provisoria-que-limita-desoneracao-da-folha-de-pagamento\">MP 1202\/23<\/a>. Editada no fim do ano passado pelo presidente Luiz In\u00e1cio Lula da Silva, a medida provis\u00f3ria restringe o efeitos de uma lei que colocou em lados opostos os interesses dos Poderes Legislativo e Executivo.<\/p>\n\n\n\n<p>A <a href=\"https:\/\/www2.camara.gov.br\/legin\/fed\/lei\/2023\/lei-14784-27-dezembro-2023-795169-norma-pl.html\">Lei 14.784\/23<\/a>, desonerou a folha dos setores que mais geram emprego no Pa\u00eds. Aprovado pelo Congresso Nacional em novembro de 2023, o texto foi vetado integralmente pelo presidente da Rep\u00fablica. Em dezembro, senadores e deputados impuseram uma derrota ao Pal\u00e1cio do Planalto e derrubaram o veto.<\/p>\n\n\n\n<p>A nova lei foi promulgada pelo presidente do Congresso Nacional, senador Rodrigo Pacheco. De acordo com o texto, empresas beneficiadas pela desonera\u00e7\u00e3o podem substituir o recolhimento de 20% de imposto sobre os sal\u00e1rios por al\u00edquotas que variam de 1% a 4,5% da receita bruta. Para o Parlamento, a medida contribui para a gera\u00e7\u00e3o de novos empregos.<\/p>\n\n\n\n<p>No dia seguinte \u00e0 promulga\u00e7\u00e3o da norma, o presidente Lula editou a MP 1202\/23. A proposi\u00e7\u00e3o admite uma al\u00edquota menor de imposto a partir de abril, mas o benef\u00edcio fica limitado ao teto de um sal\u00e1rio m\u00ednimo por trabalhador. Al\u00e9m disso, a proposi\u00e7\u00e3o estabelece uma redu\u00e7\u00e3o gradual do benef\u00edcio at\u00e9 2027. Para o governo, a mudan\u00e7a \u00e9 necess\u00e1ria para o Pa\u00eds alcan\u00e7ar a meta de d\u00e9ficit zero nas contas p\u00fablicas.<\/p>\n\n\n\n<p>A medida provis\u00f3ria encontra resist\u00eancia no Congresso Nacional. Parlamentares da oposi\u00e7\u00e3o defendem a devolu\u00e7\u00e3o do texto ao Poder Executivo.<\/p>\n\n\n\n<p>A MP 1202\/23 pode receber emendas entre os dias 2 e 7 de fevereiro. O texto entra em regime de urg\u00eancia e tranca a pauta de vota\u00e7\u00f5es da C\u00e2mara dos Deputados ou do Senado a partir de 18 de mar\u00e7o. A medida provis\u00f3ria perde a validade em 1\u00ba de abril, se n\u00e3o for prorrogada por mais 60 dias.<\/p>\n\n\n\n<p><strong>Precat\u00f3rios<br><\/strong>Das 20 medidas provis\u00f3rias que aguardam o aval do Poder Legislativo, dez abrem cr\u00e9ditos extraordin\u00e1rios para diversos \u00f3rg\u00e3os p\u00fablicos. Juntas, as mat\u00e9rias somam mais de R$ 96 bilh\u00f5es.<\/p>\n\n\n\n<p>A maior parte dos recursos est\u00e1 concentrada em apenas uma proposi\u00e7\u00e3o: a MP 1200\/23, que destina R$ 93,1 bilh\u00f5es para a quita\u00e7\u00e3o de precat\u00f3rios. Os precat\u00f3rios s\u00e3o ordens de pagamento expedidas pela Justi\u00e7a ap\u00f3s o tr\u00e2nsito em julgado de a\u00e7\u00f5es perdidas pelo poder p\u00fablico.<\/p>\n\n\n\n<p>A MP libera recursos para encargos financeiros da Uni\u00e3o e beneficia os Minist\u00e9rios da Previd\u00eancia Social; da Sa\u00fade; e do Desenvolvimento e Assist\u00eancia Social, Fam\u00edlia e Combate \u00e0 Fome. A mat\u00e9ria tranca a pauta de vota\u00e7\u00f5es a partir de 15 de mar\u00e7o e perde a validade em 29 daquele m\u00eas.<\/p>\n\n\n\n<p><strong>Desastres clim\u00e1ticos<br><\/strong>Das dez medidas provis\u00f3rias que abrem cr\u00e9ditos extraordin\u00e1rios, sete liberam mais de R$ 1,9 bilh\u00e3o para mitigar os efeitos de desastres clim\u00e1ticos. O Rio Grande do Sul, que decretou estado de calamidade em setembro do ano passado ap\u00f3s a passagem de um ciclone extratropical, \u00e9 o benefici\u00e1rio exclusivo de tr\u00eas medidas provis\u00f3rias.<\/p>\n\n\n\n<p>As <a href=\"https:\/\/www.camara.leg.br\/noticias\/999777-mp-1188-23-mp-abre-credito-extraordinario-r-211-milhoes-sao-para-a-defesa-civil\">MP 1188\/23<\/a>,&nbsp; <a href=\"https:\/\/www.camara.leg.br\/noticias\/1002424-mp-libera-recursos-para-empresas-e-produtores-de-cidades-gauchas-em-calamidade-publica\">MP 1190\/23<\/a> e <a href=\"https:\/\/www.camara.leg.br\/noticias\/1015989-congresso-analisa-medida-provisoria-que-libera-recursos-para-atingidos-pelos-temporais-no-rio-grande-do-sul\">MP 1193\/23<\/a> destinam um total de R$ 955,9 milh\u00f5es ao estado ga\u00facho. Al\u00e9m de permitir a reconstru\u00e7\u00e3o de moradias, estradas e pontes, o dinheiro deve financiar os programas nacionais de Fortalecimento da Agricultura Familiar (Pronaf) e de Apoio \u00e0s Microempresas e Empresas de Pequeno Porte (Pronampe), al\u00e9m de um plano emergencial de acesso a cr\u00e9dito.<\/p>\n\n\n\n<p>A Regi\u00e3o Norte, atingida pela estiagem em novembro passado, deve receber R$ 400 milh\u00f5es em cr\u00e9ditos extraordin\u00e1rios. A <a href=\"https:\/\/www.camara.leg.br\/noticias\/1016886-congresso-analisa-credito-orcamentario-de-r-100-milhoes-para-compra-de-produtos-da-agricultura-familiar\">MP 1194\/23<\/a> e a <a href=\"https:\/\/www.camara.leg.br\/noticias\/1016625-medida-provisoria-abre-credito-no-orcamento-para-pagamento-de-pescadores-atingidos-pela-seca-na-regiao-norte\">MP 1195\/23<\/a> liberam recursos para a seguran\u00e7a alimentar e nutricional dos moradores de munic\u00edpios em situa\u00e7\u00e3o de calamidade p\u00fablica.<\/p>\n\n\n\n<p>O Congresso Nacional analisa outras duas medidas provis\u00f3rias para mitigar danos provocados por desastres clim\u00e1ticos. A <a href=\"https:\/\/www.camara.leg.br\/noticias\/1011606-mp-destina-r-259-milhoes-para-atender-municipios-atingidos-por-desastres-climaticos\">MP 1191\/23<\/a> destina R$ 259 milh\u00f5es para os estados de S\u00e3o Paulo, Minas Gerais, Santa Catarina e Paran\u00e1, enquanto a MP 1204\/23 libera R$ 314 milh\u00f5es para atenuar os efeitos do fen\u00f4meno El Ni\u00f1o nas cinco regi\u00f5es do Pa\u00eds.<\/p>\n\n\n\n<p><strong>ICMS<br><\/strong>Outra proposi\u00e7\u00e3o que merece destaque \u00e9 a <a href=\"https:\/\/www.camara.leg.br\/noticias\/1019169-medida-provisoria-abre-credito-para-estados-e-municipios-que-perderam-arrecadacao-de-icms\">MP 1197\/23<\/a>. Ela prev\u00ea mais de R$ 879,2 milh\u00f5es para a compensa\u00e7\u00e3o financeira aos estados e ao Distrito Federal ap\u00f3s a queda de arrecada\u00e7\u00e3o do Imposto sobre Circula\u00e7\u00e3o de Mercadorias e Servi\u00e7os (ICMS).<\/p>\n\n\n\n<p>As perdas de arrecada\u00e7\u00e3o foram geradas pela <a href=\"https:\/\/www2.camara.gov.br\/legin\/fed\/leicom\/2022\/leicomplementar-194-23-junho-2022-792887-norma-pl.html\">Lei Complementar 194\/22<\/a>, que reduziu a al\u00edquota de tributos sobre combust\u00edveis, g\u00e1s natural, energia el\u00e9trica, comunica\u00e7\u00f5es e transporte coletivo \u2014 bens e servi\u00e7os considerados essenciais. O total da compensa\u00e7\u00e3o devida pela Uni\u00e3o a estados e munic\u00edpios supera os R$ 27 bilh\u00f5es. A <a href=\"https:\/\/www.camara.leg.br\/noticias\/1019169-medida-provisoria-abre-credito-para-estados-e-municipios-que-perderam-arrecadacao-de-icms\">MP 1197\/23<\/a> perde a validade em 1\u00ba de mar\u00e7o.<\/p>\n\n\n\n<p><strong>Programas<br><\/strong>O Poder Legislativo tamb\u00e9m deve decidir sobre medidas provis\u00f3rias que tratam de tr\u00eas projetos desenvolvidos pelo Executivo. A primeira delas \u00e9 a <a href=\"https:\/\/www.camara.leg.br\/noticias\/1020689-medida-provisoria-cria-incentivo-financeiro-para-jovens-concluirem-ensino-medio\">MP 1198\/23<\/a>, que cria uma bolsa perman\u00eancia no ensino m\u00e9dio para estudantes de baixa renda. O objetivo da iniciativa \u00e9 reduzir a evas\u00e3o e o abandono de estudantes matriculados no ensino m\u00e9dio da rede p\u00fablica de ensino, com foco naqueles que pertencem a fam\u00edlias inscritas no Cadastro \u00danico da Assist\u00eancia Social (Cad\u00danico).<\/p>\n\n\n\n<p>A segunda \u00e9 a MP 1199\/23 , que prorroga at\u00e9 31 de mar\u00e7o a dura\u00e7\u00e3o do Programa Emergencial de Renegocia\u00e7\u00e3o de D\u00edvidas de Pessoas F\u00edsicas Inadimplentes, conhecido como Desenrola Brasil. A prorroga\u00e7\u00e3o vale para a faixa 1 do programa, que incentiva a renegocia\u00e7\u00e3o de d\u00edvidas de pessoas com renda mensal at\u00e9 dois sal\u00e1rios m\u00ednimos ou inscritas no Cad\u00danico.<\/p>\n\n\n\n<p>J\u00e1 a MP 1205\/23 cria o Programa Mobilidade Verde e Inova\u00e7\u00e3o (Mover). Ele tem como objetivo apoiar uma economia de baixo carbono no ecossistema produtivo de autom\u00f3veis, caminh\u00f5es, \u00f4nibus, chassis com motor, m\u00e1quinas autopropulsadas, autope\u00e7as e implementos rodovi\u00e1rios. Empresas que investem em pesquisa, desenvolvimento ou produ\u00e7\u00e3o tecnol\u00f3gica podem obter cr\u00e9ditos usados no abatimento de tributos.<\/p>\n\n\n\n<p><strong>O que \u00e9 uma MP<br><\/strong>A medida provis\u00f3ria \u00e9 uma norma jur\u00eddica de iniciativa exclusiva do presidente da Rep\u00fablica. Ela tem for\u00e7a de lei ordin\u00e1ria desde a publica\u00e7\u00e3o e pode ser adotada em caso de urg\u00eancia e relev\u00e2ncia. A convers\u00e3o em lei espec\u00edfica depende de aprova\u00e7\u00e3o pelas duas Casas do Congresso Nacional.<\/p>\n\n\n\n<p>Uma MP vigora inicialmente por 60 dias, prazo que pode ser prorrogado por igual per\u00edodo. Ap\u00f3s 45 dias contados da edi\u00e7\u00e3o, se n\u00e3o tiver sido apreciada pela C\u00e2mara dos Deputados e pelo Senado, a MP tranca a pauta de vota\u00e7\u00f5es da Casa onde estiver sendo examinada. Se n\u00e3o for aprovada no prazo, ela perde a validade desde a edi\u00e7\u00e3o.<\/p>\n\n\n\n<p>Fonte: Ag\u00eancia C\u00e2mara de Not\u00edcias<\/p>\n","protected":false},"excerpt":{"rendered":"<p>O Congresso Nacional retoma os trabalhos em fevereiro com 20 medidas provis\u00f3rias (MPs) pendentes de vota\u00e7\u00e3o. A mat\u00e9ria mais pol\u00eamica \u00e9 a que reonera a folha de pagamentos de 17 setores da economia. Outras dez proposi\u00e7\u00f5es liberam R$ 96 bilh\u00f5es para a quita\u00e7\u00e3o de precat\u00f3rios e o enfrentamento de desastres clim\u00e1ticos. Na volta do recesso [&hellip;]<\/p>\n","protected":false},"author":2,"featured_media":18372,"comment_status":"open","ping_status":"open","sticky":false,"template":"","format":"standard","meta":[],"categories":[8],"tags":[],"_links":{"self":[{"href":"https:\/\/dgospel.com.br\/portal\/index.php\/wp-json\/wp\/v2\/posts\/18371"}],"collection":[{"href":"https:\/\/dgospel.com.br\/portal\/index.php\/wp-json\/wp\/v2\/posts"}],"about":[{"href":"https:\/\/dgospel.com.br\/portal\/index.php\/wp-json\/wp\/v2\/types\/post"}],"author":[{"embeddable":true,"href":"https:\/\/dgospel.com.br\/portal\/index.php\/wp-json\/wp\/v2\/users\/2"}],"replies":[{"embeddable":true,"href":"https:\/\/dgospel.com.br\/portal\/index.php\/wp-json\/wp\/v2\/comments?post=18371"}],"version-history":[{"count":1,"href":"https:\/\/dgospel.com.br\/portal\/index.php\/wp-json\/wp\/v2\/posts\/18371\/revisions"}],"predecessor-version":[{"id":18373,"href":"https:\/\/dgospel.com.br\/portal\/index.php\/wp-json\/wp\/v2\/posts\/18371\/revisions\/18373"}],"wp:featuredmedia":[{"embeddable":true,"href":"https:\/\/dgospel.com.br\/portal\/index.php\/wp-json\/wp\/v2\/media\/18372"}],"wp:attachment":[{"href":"https:\/\/dgospel.com.br\/portal\/index.php\/wp-json\/wp\/v2\/media?parent=18371"}],"wp:term":[{"taxonomy":"category","embeddable":true,"href":"https:\/\/dgospel.com.br\/portal\/index.php\/wp-json\/wp\/v2\/categories?post=18371"},{"taxonomy":"post_tag","embeddable":true,"href":"https:\/\/dgospel.com.br\/portal\/index.php\/wp-json\/wp\/v2\/tags?post=18371"}],"curies":[{"name":"wp","href":"https:\/\/api.w.org\/{rel}","templated":true}]}}