{"id":18384,"date":"2024-02-03T12:26:48","date_gmt":"2024-02-03T15:26:48","guid":{"rendered":"https:\/\/dgospel.com.br\/portal\/?p=18384"},"modified":"2024-02-03T12:26:49","modified_gmt":"2024-02-03T15:26:49","slug":"mpf-arquivou-acao-contra-torres-mas-investigacao-segue-no-stf","status":"publish","type":"post","link":"https:\/\/dgospel.com.br\/portal\/index.php\/2024\/02\/03\/mpf-arquivou-acao-contra-torres-mas-investigacao-segue-no-stf\/","title":{"rendered":"MPF arquivou a\u00e7\u00e3o contra Torres, mas investiga\u00e7\u00e3o segue no STF"},"content":{"rendered":"\n<p>Apesar do arquivamento de um inqu\u00e9rito civil sobre o 8 de Janeiro promovido pelo Minist\u00e9rio P\u00fablico Federal do Distrito Federal (MPF-DF), o ex-ministro da Justi\u00e7a e Seguran\u00e7a P\u00fablica Anderson Torres segue investigado no \u00e2mbito do Supremo Tribunal Federal (STF).<\/p>\n\n\n\n<p>O procurador da Rep\u00fablica Carlos Henrique Martins Lima n\u00e3o viu dolo na conduta de Torres em meio aos ataques do dia 8 de janeiro de 2023 e decidiu, nessa ter\u00e7a-feira (30), pelo arquivamento do inqu\u00e9rito civil que apurava improbidade administrativa do ex-ministro de Bolsonaro.<\/p>\n\n\n\n<p>A mesma decis\u00e3o foi tomada em rela\u00e7\u00e3o ao governador do Distrito Federal, Ibaneis Rocha (MDB), ao ex-secret\u00e1rio-adjunto de Seguran\u00e7a P\u00fablica Fernando de Souza Oliveira, \u00e0 ex-subsecret\u00e1ria de Intelig\u00eancia Mar\u00edlia Ferreira de Alencar e aos ex-comandantes da Pol\u00edcia Militar do Distrito Federal (PMDF) Klepter Rosa, F\u00e1bio Augusto Vieira e Jorge Eduardo Barreto Naime.<\/p>\n\n\n\n<p>O caso foi encerrado na esfera civil, mas as investiga\u00e7\u00f5es na esfera criminal seguem contra todos eles, de forma aut\u00f4noma, no STF. No caso de Torres, ele tamb\u00e9m responde a um Processo Administrativo Disciplinar (PAD) da Pol\u00edcia Federal sobre os atos radicais no Distrito Federal. Esse processo pode resultar na expuls\u00e3o do ex-ministro da corpora\u00e7\u00e3o.<\/p>\n\n\n\n<p>O ex-secret\u00e1rio ficou preso em regime fechado no 19\u00ba batalh\u00e3o da Pol\u00edcia Militar do Distrito Federal entre 14 de janeiro e 11 de maio de 2023. Atualmente cumpre medidas cautelares, como uso de tornozeleira eletr\u00f4nica e proibi\u00e7\u00e3o de sair de casa \u00e0 noite e nos fins de semana.<\/p>\n\n\n\n<p>Ao decretar sua pris\u00e3o, o ministro do STF Alexandre de Moraes afirmou ver \u201cfortes ind\u00edcios\u201d de que Torres foi \u201cconivente\u201d com os ataques do dia 8 de janeiro. Durante buscas feitas na casa do ex-ministro da Justi\u00e7a, a Pol\u00edcia Federal encontrou algo que denominou como minuta para que o ent\u00e3o presidente Jair Bolsonaro (PL) instaurasse um estado de defesa na sede do Tribunal Superior Eleitoral (TSE), mas sem qualquer estatura oficial para tal.<\/p>\n\n\n\n<p>Para o procurador Carlos Henrique, a Secretaria de Anderson Torres n\u00e3o se omitiu de seu dever de promover a seguran\u00e7a no dia 8 de janeiro. O MPF-DF tamb\u00e9m alega que n\u00e3o se tinha total ci\u00eancia do car\u00e1ter violento de parte dos manifestantes, o que contraria of\u00edcios e mensagens de WhatsApp.<\/p>\n\n\n\n<p>\u2013 Caso Anderson Torres tivesse o intuito de facilitar dolosamente as invas\u00f5es e depreda\u00e7\u00f5es que ocorriam no dia 08\/01\/2023, n\u00e3o haveria raz\u00e3o de ter assinado o PAI [Plano de A\u00e7\u00f5es Integradas] com as diretrizes a serem adotadas pelos diversos \u00f3rg\u00e3os p\u00fablicos envolvidos na seguran\u00e7a do DF \u2013 alegou a Procuradoria.<\/p>\n\n\n\n<p>Em nota, a defesa de Torres ressaltou que \u201ca independ\u00eancia funcional e o alto n\u00edvel t\u00e9cnico do Minist\u00e9rio P\u00fablico Federal foram decisivos para demonstrar a inoc\u00eancia do ex-ministro em rela\u00e7\u00e3o aos lament\u00e1veis atos do 8 de janeiro\u201d.<\/p>\n\n\n\n<p>\u2013 Reiteramos nossa confian\u00e7a na Justi\u00e7a e respeito \u00e0s Institui\u00e7\u00f5es \u2013 assinalou o advogado Eumar Novack.<\/p>\n\n\n\n<p>*Com informa\u00e7\u00f5es AE<\/p>\n","protected":false},"excerpt":{"rendered":"<p>Apesar do arquivamento de um inqu\u00e9rito civil sobre o 8 de Janeiro promovido pelo Minist\u00e9rio P\u00fablico Federal do Distrito Federal (MPF-DF), o ex-ministro da Justi\u00e7a e Seguran\u00e7a P\u00fablica Anderson Torres segue investigado no \u00e2mbito do Supremo Tribunal Federal (STF). O procurador da Rep\u00fablica Carlos Henrique Martins Lima n\u00e3o viu dolo na conduta de Torres em [&hellip;]<\/p>\n","protected":false},"author":2,"featured_media":18385,"comment_status":"open","ping_status":"open","sticky":false,"template":"","format":"standard","meta":[],"categories":[4],"tags":[],"_links":{"self":[{"href":"https:\/\/dgospel.com.br\/portal\/index.php\/wp-json\/wp\/v2\/posts\/18384"}],"collection":[{"href":"https:\/\/dgospel.com.br\/portal\/index.php\/wp-json\/wp\/v2\/posts"}],"about":[{"href":"https:\/\/dgospel.com.br\/portal\/index.php\/wp-json\/wp\/v2\/types\/post"}],"author":[{"embeddable":true,"href":"https:\/\/dgospel.com.br\/portal\/index.php\/wp-json\/wp\/v2\/users\/2"}],"replies":[{"embeddable":true,"href":"https:\/\/dgospel.com.br\/portal\/index.php\/wp-json\/wp\/v2\/comments?post=18384"}],"version-history":[{"count":1,"href":"https:\/\/dgospel.com.br\/portal\/index.php\/wp-json\/wp\/v2\/posts\/18384\/revisions"}],"predecessor-version":[{"id":18386,"href":"https:\/\/dgospel.com.br\/portal\/index.php\/wp-json\/wp\/v2\/posts\/18384\/revisions\/18386"}],"wp:featuredmedia":[{"embeddable":true,"href":"https:\/\/dgospel.com.br\/portal\/index.php\/wp-json\/wp\/v2\/media\/18385"}],"wp:attachment":[{"href":"https:\/\/dgospel.com.br\/portal\/index.php\/wp-json\/wp\/v2\/media?parent=18384"}],"wp:term":[{"taxonomy":"category","embeddable":true,"href":"https:\/\/dgospel.com.br\/portal\/index.php\/wp-json\/wp\/v2\/categories?post=18384"},{"taxonomy":"post_tag","embeddable":true,"href":"https:\/\/dgospel.com.br\/portal\/index.php\/wp-json\/wp\/v2\/tags?post=18384"}],"curies":[{"name":"wp","href":"https:\/\/api.w.org\/{rel}","templated":true}]}}