{"id":18387,"date":"2024-02-03T12:41:22","date_gmt":"2024-02-03T15:41:22","guid":{"rendered":"https:\/\/dgospel.com.br\/portal\/?p=18387"},"modified":"2024-02-03T12:41:23","modified_gmt":"2024-02-03T15:41:23","slug":"camara-argentina-aprova-reformas-importantes-do-governo-milei-apos-intensos-debates","status":"publish","type":"post","link":"https:\/\/dgospel.com.br\/portal\/index.php\/2024\/02\/03\/camara-argentina-aprova-reformas-importantes-do-governo-milei-apos-intensos-debates\/","title":{"rendered":"C\u00e2mara Argentina aprova reformas importantes do Governo Milei ap\u00f3s intensos debates"},"content":{"rendered":"\n<p>A C\u00e2mara dos Deputados da Argentina aprovou o texto base do projeto de lei \u00f3mnibus, proposto pelo governo do presidente Javier Milei. A aprova\u00e7\u00e3o veio ap\u00f3s tr\u00eas dias de debates intensos, com 144 votos a favor e 109 contra. O projeto representa um marco nas reformas planejadas pelo governo Milei, recebendo apoio inclusive da oposi\u00e7\u00e3o dialoguista, tradicionalmente desafeta do ex-presidente Mauricio Macri, agora aliado de Milei.<\/p>\n\n\n\n<p>Os principais opositores ao projeto foram os membros do bloco peronista Union por La Patria e a esquerda n\u00e3o peronista. O presidente da C\u00e2mara, Mart\u00edn Menem, suspendeu a sess\u00e3o ap\u00f3s a aprova\u00e7\u00e3o do texto-base, com a retomada dos debates prevista para ter\u00e7a-feira, 5 de fevereiro. Ainda restam vota\u00e7\u00f5es individuais para os mais de 300 artigos do projeto, inicialmente composto por 664 artigos.<\/p>\n\n\n\n<p>O projeto gerou cr\u00edticas, especialmente em t\u00f3picos como reforma fiscal, privatiza\u00e7\u00f5es e estados de emerg\u00eancia, com as duas principais for\u00e7as da oposi\u00e7\u00e3o dialoguista, os radicales e a Coaliz\u00e3o Federal, j\u00e1 expressando oposi\u00e7\u00e3o a diversos artigos.<\/p>\n\n\n\n<p>Na quest\u00e3o da reforma fiscal, o governo fez concess\u00f5es significativas, removendo um cap\u00edtulo inteiro das reformas fiscais do projeto, conforme anunciado pelo ministro da Economia, Luis Caputo.<\/p>\n\n\n\n<p>Quanto \u00e0s privatiza\u00e7\u00f5es, sob a lideran\u00e7a de Karina Milei, irm\u00e3 do presidente, houve uma redu\u00e7\u00e3o no n\u00famero de estatais a serem privatizadas, passando de 41 para 27. Entre as institui\u00e7\u00f5es que permanecer\u00e3o estatais por ora est\u00e3o a Casa da Moeda e o Banco de Inversi\u00f3n y Comercio Exterior (BICE). No entanto, planos para privatizar a Aerol\u00edneas Argentinas, os Correios e outros servi\u00e7os p\u00fablicos permanecem.<\/p>\n\n\n\n<p>Em rela\u00e7\u00e3o aos estados de emerg\u00eancia, uma ferramenta que permite ao Executivo agir com maior agilidade em determinadas \u00e1reas, o governo reduziu sua aplica\u00e7\u00e3o de 11 para apenas cinco setores. O governo ainda busca apoio para incluir a seguran\u00e7a p\u00fablica entre esses estados de emerg\u00eancia, fortalecendo as pol\u00edticas da ministra de Seguran\u00e7a P\u00fablica, Patricia Bullrich.<\/p>\n","protected":false},"excerpt":{"rendered":"<p>A C\u00e2mara dos Deputados da Argentina aprovou o texto base do projeto de lei \u00f3mnibus, proposto pelo governo do presidente Javier Milei. A aprova\u00e7\u00e3o veio ap\u00f3s tr\u00eas dias de debates intensos, com 144 votos a favor e 109 contra. O projeto representa um marco nas reformas planejadas pelo governo Milei, recebendo apoio inclusive da oposi\u00e7\u00e3o [&hellip;]<\/p>\n","protected":false},"author":2,"featured_media":18388,"comment_status":"open","ping_status":"open","sticky":false,"template":"","format":"standard","meta":[],"categories":[11,12,16],"tags":[],"_links":{"self":[{"href":"https:\/\/dgospel.com.br\/portal\/index.php\/wp-json\/wp\/v2\/posts\/18387"}],"collection":[{"href":"https:\/\/dgospel.com.br\/portal\/index.php\/wp-json\/wp\/v2\/posts"}],"about":[{"href":"https:\/\/dgospel.com.br\/portal\/index.php\/wp-json\/wp\/v2\/types\/post"}],"author":[{"embeddable":true,"href":"https:\/\/dgospel.com.br\/portal\/index.php\/wp-json\/wp\/v2\/users\/2"}],"replies":[{"embeddable":true,"href":"https:\/\/dgospel.com.br\/portal\/index.php\/wp-json\/wp\/v2\/comments?post=18387"}],"version-history":[{"count":1,"href":"https:\/\/dgospel.com.br\/portal\/index.php\/wp-json\/wp\/v2\/posts\/18387\/revisions"}],"predecessor-version":[{"id":18389,"href":"https:\/\/dgospel.com.br\/portal\/index.php\/wp-json\/wp\/v2\/posts\/18387\/revisions\/18389"}],"wp:featuredmedia":[{"embeddable":true,"href":"https:\/\/dgospel.com.br\/portal\/index.php\/wp-json\/wp\/v2\/media\/18388"}],"wp:attachment":[{"href":"https:\/\/dgospel.com.br\/portal\/index.php\/wp-json\/wp\/v2\/media?parent=18387"}],"wp:term":[{"taxonomy":"category","embeddable":true,"href":"https:\/\/dgospel.com.br\/portal\/index.php\/wp-json\/wp\/v2\/categories?post=18387"},{"taxonomy":"post_tag","embeddable":true,"href":"https:\/\/dgospel.com.br\/portal\/index.php\/wp-json\/wp\/v2\/tags?post=18387"}],"curies":[{"name":"wp","href":"https:\/\/api.w.org\/{rel}","templated":true}]}}