{"id":18396,"date":"2024-02-06T22:43:49","date_gmt":"2024-02-07T01:43:49","guid":{"rendered":"https:\/\/dgospel.com.br\/portal\/?p=18396"},"modified":"2024-02-06T22:43:50","modified_gmt":"2024-02-07T01:43:50","slug":"wanderlei-barbosa-reforca-dialogo-e-transparencia-entre-poderes-durante-abertura-do-ano-legislativo","status":"publish","type":"post","link":"https:\/\/dgospel.com.br\/portal\/index.php\/2024\/02\/06\/wanderlei-barbosa-reforca-dialogo-e-transparencia-entre-poderes-durante-abertura-do-ano-legislativo\/","title":{"rendered":"Wanderlei Barbosa refor\u00e7a di\u00e1logo e transpar\u00eancia entre Poderes durante abertura do ano legislativo"},"content":{"rendered":"\n<p>O governador do Tocantins, Wanderlei Barbosa, e o vice-governador Laurez Moreira, estiveram nesta ter\u00e7a-feira, 6, na sess\u00e3o solene de abertura das atividades na Assembleia Legislativa do Tocantins (Aleto), apresentando as principais a\u00e7\u00f5es realizadas em 2023 e as perspectivas para 2024. Presidida pelo l\u00edder da Casa de Leis, deputado estadual Am\u00e9lio Cayres, a sess\u00e3o contou com a participa\u00e7\u00e3o de todos os deputados estaduais, representantes de \u00f3rg\u00e3os do Executivo e Judici\u00e1rio, e lideran\u00e7as pol\u00edticas do Estado.<\/p>\n\n\n\n<p>Em seu discurso, o governador Wanderlei Barbosa exaltou o respeito entre os Poderes e a uni\u00e3o dos entes na busca pela constru\u00e7\u00e3o de um Tocantins cada vez melhor. \u201cReafirmo o meu compromisso em manter uma rela\u00e7\u00e3o de respeito, transpar\u00eancia e colabora\u00e7\u00e3o com os deputados estaduais, buscando sempre ouvir suas demandas e contribui\u00e7\u00f5es que atendam aos anseios do povo tocantinense\u201d, destacou o Governador.&nbsp;<\/p>\n\n\n\n<p>Na ocasi\u00e3o, a Aleto tamb\u00e9m lan\u00e7ou o livro&nbsp;<em>Assembleia 35 anos<\/em>, entregue ao vice-governador Laurez Moreira pelo presidente da Casa de Leis, deputado Am\u00e9lio Cayres. O vice-governador sentiu-se honrado em participar da solenidade, por reconhecer a import\u00e2ncia do Poder Legislativo para a sociedade tocantinense. \u201c\u00c9 uma honra estar presente na abertura dos trabalhos legislativos de 2024. E \u00e9 com muita alegria que acompanho o lan\u00e7amento deste livro hist\u00f3rico. Fui deputado durante tr\u00eas mandatos e reconhe\u00e7o a import\u00e2ncia do Poder Legislativo na sociedade. Parab\u00e9ns a todos os deputados, em nome do presidente Am\u00e9lio Cayres&#8221;, afirmou o vice-governador. O livro \u00e9 uma edi\u00e7\u00e3o revisada, atualizada e ampliada da publica\u00e7\u00e3o feita h\u00e1 dez anos, redigida por profissionais da Assembleia.&nbsp;<\/p>\n\n\n\n<p>&#8220;Essa comunh\u00e3o entre os Poderes prova a nossa harmonia na rela\u00e7\u00e3o institucional\u201d, ressaltou o presidente da Aleto, deputado estadual Am\u00e9lio Cayres. Ele lembrou que, por ser um ano eleitoral, 2024 ser\u00e1 at\u00edpico e, portanto, pediu para que seus pares mantivessem a harmonia institucional, para que os trabalhos na Casa de Leis sigam produtivos e transformadores na vida dos tocantinenses.<\/p>\n\n\n\n<p><strong>Perspectivas para 2024<\/strong><\/p>\n\n\n\n<p>&#8220;O nosso projeto \u00e9 continuar melhorando a sa\u00fade em todo o Tocantins e uma das formas de fazer isso ser\u00e1 com a entrega do Hospital de Aragua\u00edna, ainda neste ano; e continuar melhorando as rodovias do Tocantins. At\u00e9 junho, entregaremos a ponte de Porto Nacional, uma obra important\u00edssima\u201d, pontuou o governador Wanderlei Barbosa, ao citar perspectivas para 2024.<\/p>\n\n\n\n<p>Na sess\u00e3o solene, o secret\u00e1rio-chefe da Casa Civil, Deocleciano Gomes, tamb\u00e9m apresentou um relat\u00f3rio com as principais a\u00e7\u00f5es realizadas pelo Governo do Tocantins no ano anterior. O documento demonstra que a arrecada\u00e7\u00e3o efetiva das receitas de Recursos Ordin\u00e1rios para 2023 foi de R$ 9,88 bilh\u00f5es, superando em R$ 1,86 bi a previs\u00e3o inicial, que era de R$ 8,02 bi. \u201cDesse modo, o Estado, que registrou crescimento populacional de 9,3%, com 128 mil pessoas a mais em rela\u00e7\u00e3o a 2010, totalizando 1.511.549 habitantes [Censo 2022], obteve resultados consideravelmente positivos no \u00faltimo quadri\u00eanio\u201d, refletiu o secret\u00e1rio-chefe.<\/p>\n\n\n\n<p><strong>Presen\u00e7as<\/strong><\/p>\n\n\n\n<p>O evento tamb\u00e9m contou com a presen\u00e7a da diretora adjunta da Escola da Magistratura do Tocantins, desembargadora \u00c2ngela Haonat, representando o Poder Judici\u00e1rio; o presidente do Tribunal de Contas do Tocantins (TCE\/TO), conselheiro Andr\u00e9 Luiz Matos Gon\u00e7alves; a defensora p\u00fablica-geral do Tocantins, Estellamaris Postal; a prefeita de Palmas, Cinthia Ribeiro, entre outras autoridades.<\/p>\n\n\n\n<p>Edi\u00e7\u00e3o: Vict\u00f3ria Milhomem<\/p>\n\n\n\n<p>Revis\u00e3o Textual: Marynne Juliate<\/p>\n\n\n\n<p><img src=\"https:\/\/central.to.gov.br\/image\/364574?w=670&amp;h=383\"><\/p>\n\n\n\n<p>Em seu discurso, o governador Wanderlei Barbosa exaltou o respeito entre os Poderes e a uni\u00e3o dos entes na busca pela constru\u00e7\u00e3o de um Tocantins cada vez melhor &#8211; Antonio Gon\u00e7alves\/Governo do Tocantins&nbsp;<a href=\"https:\/\/central.to.gov.br\/image\/364574?f=1\" target=\"_blank\" rel=\"noreferrer noopener\"><em>file_download<\/em><\/a><\/p>\n\n\n\n<p><img src=\"https:\/\/central.to.gov.br\/image\/364575?w=670&amp;h=383\"><\/p>\n\n\n\n<p>Sess\u00e3o solene contou com a participa\u00e7\u00e3o de todos os deputados estaduais, al\u00e9m de representantes de \u00f3rg\u00e3os do Executivo e Judici\u00e1rio, e lideran\u00e7as pol\u00edticas do Estado &#8211; Antonio Gon\u00e7alves\/Governo do Tocantins&nbsp;<a href=\"https:\/\/central.to.gov.br\/image\/364575?f=1\" target=\"_blank\" rel=\"noreferrer noopener\"><em>file_download<\/em><\/a><\/p>\n\n\n\n<p><img src=\"https:\/\/central.to.gov.br\/image\/364576?w=670&amp;h=383\"><\/p>\n\n\n\n<p>Na sess\u00e3o solene, o secret\u00e1rio-chefe da Casa Civil, Deocleciano Gomes, apresentou um relat\u00f3rio do Governo do Tocantins, com as principais a\u00e7\u00f5es realizadas em 2023 &#8211; Antonio Gon\u00e7alves\/Governo do Tocantins&nbsp;<a href=\"https:\/\/central.to.gov.br\/image\/364576?f=1\" target=\"_blank\" rel=\"noreferrer noopener\"><em>file_download<\/em><\/a><\/p>\n\n\n\n<p><img src=\"https:\/\/central.to.gov.br\/image\/364577?w=670&amp;h=383\"><\/p>\n\n\n\n<p>O presidente da Aleto, deputado estadual Am\u00e9lio Cayres, destacou que a comunh\u00e3o entre os Poderes prova a harmonia na rela\u00e7\u00e3o institucional dentro do Estado &#8211; Antonio Gon\u00e7alves\/Governo do Tocantins\u00a0<\/p>\n","protected":false},"excerpt":{"rendered":"<p>O governador do Tocantins, Wanderlei Barbosa, e o vice-governador Laurez Moreira, estiveram nesta ter\u00e7a-feira, 6, na sess\u00e3o solene de abertura das atividades na Assembleia Legislativa do Tocantins (Aleto), apresentando as principais a\u00e7\u00f5es realizadas em 2023 e as perspectivas para 2024. Presidida pelo l\u00edder da Casa de Leis, deputado estadual Am\u00e9lio Cayres, a sess\u00e3o contou com [&hellip;]<\/p>\n","protected":false},"author":2,"featured_media":18397,"comment_status":"open","ping_status":"open","sticky":false,"template":"","format":"standard","meta":[],"categories":[3],"tags":[13],"_links":{"self":[{"href":"https:\/\/dgospel.com.br\/portal\/index.php\/wp-json\/wp\/v2\/posts\/18396"}],"collection":[{"href":"https:\/\/dgospel.com.br\/portal\/index.php\/wp-json\/wp\/v2\/posts"}],"about":[{"href":"https:\/\/dgospel.com.br\/portal\/index.php\/wp-json\/wp\/v2\/types\/post"}],"author":[{"embeddable":true,"href":"https:\/\/dgospel.com.br\/portal\/index.php\/wp-json\/wp\/v2\/users\/2"}],"replies":[{"embeddable":true,"href":"https:\/\/dgospel.com.br\/portal\/index.php\/wp-json\/wp\/v2\/comments?post=18396"}],"version-history":[{"count":1,"href":"https:\/\/dgospel.com.br\/portal\/index.php\/wp-json\/wp\/v2\/posts\/18396\/revisions"}],"predecessor-version":[{"id":18398,"href":"https:\/\/dgospel.com.br\/portal\/index.php\/wp-json\/wp\/v2\/posts\/18396\/revisions\/18398"}],"wp:featuredmedia":[{"embeddable":true,"href":"https:\/\/dgospel.com.br\/portal\/index.php\/wp-json\/wp\/v2\/media\/18397"}],"wp:attachment":[{"href":"https:\/\/dgospel.com.br\/portal\/index.php\/wp-json\/wp\/v2\/media?parent=18396"}],"wp:term":[{"taxonomy":"category","embeddable":true,"href":"https:\/\/dgospel.com.br\/portal\/index.php\/wp-json\/wp\/v2\/categories?post=18396"},{"taxonomy":"post_tag","embeddable":true,"href":"https:\/\/dgospel.com.br\/portal\/index.php\/wp-json\/wp\/v2\/tags?post=18396"}],"curies":[{"name":"wp","href":"https:\/\/api.w.org\/{rel}","templated":true}]}}