{"id":18399,"date":"2024-02-06T22:46:05","date_gmt":"2024-02-07T01:46:05","guid":{"rendered":"https:\/\/dgospel.com.br\/portal\/?p=18399"},"modified":"2024-02-06T22:46:06","modified_gmt":"2024-02-07T01:46:06","slug":"jucetins-firma-cooperacao-para-o-fortalecimento-de-empresas-abertas-em-palmas","status":"publish","type":"post","link":"https:\/\/dgospel.com.br\/portal\/index.php\/2024\/02\/06\/jucetins-firma-cooperacao-para-o-fortalecimento-de-empresas-abertas-em-palmas\/","title":{"rendered":"Jucetins firma coopera\u00e7\u00e3o para o fortalecimento de empresas abertas em Palmas"},"content":{"rendered":"\n<p>A Junta Comercial do Estado do Tocantins (Jucetins) firmou uma parceria com a Associa\u00e7\u00e3o Comercial e Industrial de Palmas (Acipa) para oficializar o compartilhamento de informa\u00e7\u00f5es acerca das empresas abertas em Palmas. A assinatura do<em>&nbsp;Termo de Coopera\u00e7\u00e3o T\u00e9cnica<\/em>&nbsp;foi realizada na manh\u00e3 desta ter\u00e7a-feira, 6, na sede da Acipa.<\/p>\n\n\n\n<p>O presidente da Jucetins, Issam Saado; e o presidente da Associa\u00e7\u00e3o, Joseph Madeira, assinaram o conv\u00eanio na primeira assembleia ordin\u00e1ria da entidade realizada em 2024. O titular da Secretaria de Estado da Ind\u00fastria Com\u00e9rcio e Servi\u00e7os (Sics), Beto Lima, representou o governador no evento.<\/p>\n\n\n\n<p>A coopera\u00e7\u00e3o estabelece que a Jucetins vai compartilhar dados sobre as empresas abertas em Palmas para fortalecer o trabalho da Acipa em seu planejamento, tendo como foco o desenvolvimento econ\u00f4mico da Capital. O documento estabelece que o compartilhamento de informa\u00e7\u00f5es cumpre as regras da Lei Geral de Prote\u00e7\u00e3o de Dados Pessoais (LGPD).<\/p>\n\n\n\n<p>Para o presidente da Jucetins, Issam Saado, este conv\u00eanio \u00e9 fruto da boa rela\u00e7\u00e3o que o Governo do Tocantins tem com a classe empresarial. \u201cSer parceiro do empres\u00e1rio \u00e9 uma das prioridades da gest\u00e3o Wanderlei Barbosa. Estamos estreitando la\u00e7os com a Acipa para que esta entidade possa definir estrat\u00e9gias mais assertivas que venham a desenvolver ainda mais o ambiente empresarial da nossa capital\u201d, afirmou Issam.<\/p>\n\n\n\n<p>J\u00e1 o presidente da Acipa, Joseph Madeira, destacou a agilidade com que a Jucetins abre uma empresa, bem como a agilidade para atender as demandas da classe, pois o estudo t\u00e9cnico para a coopera\u00e7\u00e3o foi realizado de forma c\u00e9lere. \u201cEstamos de m\u00e3os dadas na busca de solu\u00e7\u00f5es de fomento e apoio para quem empreende e gera emprego\u201d, ressaltou Joseph.<\/p>\n\n\n\n<p>Ainda representando o Governo do Tocantins estiveram presentes o presidente da Superintend\u00eancia de Prote\u00e7\u00e3o aos Direitos do Consumidor (Procon), Rafael Parente; e da presidente da Ag\u00eancia de Fomento do Tocantins, Denise Rocha.<\/p>\n","protected":false},"excerpt":{"rendered":"<p>A Junta Comercial do Estado do Tocantins (Jucetins) firmou uma parceria com a Associa\u00e7\u00e3o Comercial e Industrial de Palmas (Acipa) para oficializar o compartilhamento de informa\u00e7\u00f5es acerca das empresas abertas em Palmas. A assinatura do&nbsp;Termo de Coopera\u00e7\u00e3o T\u00e9cnica&nbsp;foi realizada na manh\u00e3 desta ter\u00e7a-feira, 6, na sede da Acipa. O presidente da Jucetins, Issam Saado; e [&hellip;]<\/p>\n","protected":false},"author":2,"featured_media":18400,"comment_status":"open","ping_status":"open","sticky":false,"template":"","format":"standard","meta":[],"categories":[3],"tags":[13],"_links":{"self":[{"href":"https:\/\/dgospel.com.br\/portal\/index.php\/wp-json\/wp\/v2\/posts\/18399"}],"collection":[{"href":"https:\/\/dgospel.com.br\/portal\/index.php\/wp-json\/wp\/v2\/posts"}],"about":[{"href":"https:\/\/dgospel.com.br\/portal\/index.php\/wp-json\/wp\/v2\/types\/post"}],"author":[{"embeddable":true,"href":"https:\/\/dgospel.com.br\/portal\/index.php\/wp-json\/wp\/v2\/users\/2"}],"replies":[{"embeddable":true,"href":"https:\/\/dgospel.com.br\/portal\/index.php\/wp-json\/wp\/v2\/comments?post=18399"}],"version-history":[{"count":1,"href":"https:\/\/dgospel.com.br\/portal\/index.php\/wp-json\/wp\/v2\/posts\/18399\/revisions"}],"predecessor-version":[{"id":18401,"href":"https:\/\/dgospel.com.br\/portal\/index.php\/wp-json\/wp\/v2\/posts\/18399\/revisions\/18401"}],"wp:featuredmedia":[{"embeddable":true,"href":"https:\/\/dgospel.com.br\/portal\/index.php\/wp-json\/wp\/v2\/media\/18400"}],"wp:attachment":[{"href":"https:\/\/dgospel.com.br\/portal\/index.php\/wp-json\/wp\/v2\/media?parent=18399"}],"wp:term":[{"taxonomy":"category","embeddable":true,"href":"https:\/\/dgospel.com.br\/portal\/index.php\/wp-json\/wp\/v2\/categories?post=18399"},{"taxonomy":"post_tag","embeddable":true,"href":"https:\/\/dgospel.com.br\/portal\/index.php\/wp-json\/wp\/v2\/tags?post=18399"}],"curies":[{"name":"wp","href":"https:\/\/api.w.org\/{rel}","templated":true}]}}