{"id":18402,"date":"2024-02-06T22:48:46","date_gmt":"2024-02-07T01:48:46","guid":{"rendered":"https:\/\/dgospel.com.br\/portal\/?p=18402"},"modified":"2024-02-06T22:48:48","modified_gmt":"2024-02-07T01:48:48","slug":"wanderlei-barbosa-destaca-comprometimento-do-estado-com-a-capital-na-sessao-de-abertura-do-ano-legislativo-da-camara-de-palmas","status":"publish","type":"post","link":"https:\/\/dgospel.com.br\/portal\/index.php\/2024\/02\/06\/wanderlei-barbosa-destaca-comprometimento-do-estado-com-a-capital-na-sessao-de-abertura-do-ano-legislativo-da-camara-de-palmas\/","title":{"rendered":"Wanderlei Barbosa destaca comprometimento do Estado com a Capital na sess\u00e3o de abertura do ano legislativo da C\u00e2mara de Palmas"},"content":{"rendered":"\n<p>O governador Wanderlei Barbosa prestigiou, na tarde desta ter\u00e7a-feira, 6, a Sess\u00e3o Especial de Abertura do Ano Legislativo de 2024, da C\u00e2mara Municipal de Palmas (CMP). A solenidade foi conduzida pelo presidente da Casa de Leis, vereador Folha Filho, no Plen\u00e1rio Tarc\u00edsio Machado da Fonseca.&nbsp;Na ocasi\u00e3o, o chefe do Executivo estadual ressaltou que o momento marca o in\u00edcio de mais um ciclo de comprometimento e trabalho em prol da comunidade palmense.<\/p>\n\n\n\n<p>\u201cEste momento marca o in\u00edcio de um novo ciclo de trabalho conjunto com a gest\u00e3o municipal e de comprometimento do Governo do Tocantins com nossa cidade. \u00c9 de extrema import\u00e2ncia o papel Legislativo Municipal na promo\u00e7\u00e3o do bem-estar e desenvolvimento da nossa comunidade. Estou certo de que, juntos, poderemos enfrentar os desafios que se apresentam e encontrar solu\u00e7\u00f5es para os anseios e necessidades de nossa popula\u00e7\u00e3o\u201d, ressaltou Wanderlei Barbosa.<\/p>\n\n\n\n<p>O gestor ainda pontuou, na sess\u00e3o especial, algumas obras que ser\u00e3o feitas e entregues ao munic\u00edpio. \u201cIremos fazer pavimenta\u00e7\u00e3o asf\u00e1ltica da 1007 Sul, assim como a entrega da pavimenta\u00e7\u00e3o do Parque Agrotecnologia, e demais obras. Nossa miss\u00e3o \u00e9 continuar trabalhando para beneficiar a nossa popula\u00e7\u00e3o e fazer uma pol\u00edtica convergente aliado \u00e0 C\u00e2mara Municipal e \u00e0 Prefeitura de Palmas\u201d, concluiu.<\/p>\n\n\n\n<p>A prefeita Cinthia Ribeiro salientou a parceria do governador Wanderlei Barbosa em realizar uma pol\u00edtica p\u00fablica de Estado, que vai trazer obras f\u00edsicas e conv\u00eanios para o benef\u00edcio dos palmenses. \u201cTemos muitos trabalhos em andamento e outras novas parcerias com o Governo do Estado do Tocantins. Essas parcerias v\u00e3o muito al\u00e9m das obras f\u00edsicas. Temos grandes responsabilidades com os conv\u00eanios que temos com a sa\u00fade e a educa\u00e7\u00e3o. Agrade\u00e7o ao governador Wanderlei Barbosa por essa generosidade de entender e pensar na pol\u00edtica de uma forma mais ampla\u201d, disse a prefeita<\/p>\n\n\n\n<p>A sess\u00e3o contou com a participa\u00e7\u00e3o de todos os vereadores, deputados estaduais, secret\u00e1rios estaduais e municipais, lideran\u00e7as pol\u00edticas e da sociedade civil. O presidente da CMP, vereador Folha, agradeceu a presen\u00e7a do governador Wanderlei Barbosa na solenidade e pontuou que o objetivo em 2024 \u00e9 avan\u00e7ar ainda mais, transformando o legislativo de Palmas em um modelo para o Tocantins. \u201c\u00c9 de suma import\u00e2ncia o Governador, que j\u00e1 foi vereador e passou por esta casa de leis, ter prestigiado a sess\u00e3o do ano legislativo, pois, t\u00ea-lo aqui, \u00e9 motivo de muito orgulho, j\u00e1 que sabemos que o Estado est\u00e1 bem guiado e Palmas n\u00e3o ficar\u00e1 de fora de todo trabalho que a gest\u00e3o estadual est\u00e1 realizando\u201d, completou Folha Filho.<\/p>\n\n\n\n<p>Edi\u00e7\u00e3o: Alba Cobo<\/p>\n\n\n\n<p><img src=\"https:\/\/central.to.gov.br\/image\/364595?w=670&amp;h=383\"><\/p>\n\n\n\n<p>O presidente da CMP, vereador Folha, agradeceu a presen\u00e7a do governador Wanderlei Barbosa na solenidade e pontuou que o objetivo em 2024 \u00e9 avan\u00e7ar ainda mais nas pol\u00edticas p\u00fablicas &#8211; Esequias Araujo\/Governo do Tocantins&nbsp;<a href=\"https:\/\/central.to.gov.br\/image\/364595?f=1\" target=\"_blank\" rel=\"noreferrer noopener\"><em>file_download<\/em><\/a><\/p>\n\n\n\n<p><img src=\"https:\/\/central.to.gov.br\/image\/364594?w=670&amp;h=383\"><\/p>\n\n\n\n<p>Prefeita Cinthia Ribeiro mencionou a\u00e7\u00f5es conjuntas com o Governo do Estado para promover o bem-estar em Palmas &#8211; Esequias Araujo\/Governo do Tocantins&nbsp;<a href=\"https:\/\/central.to.gov.br\/image\/364594?f=1\" target=\"_blank\" rel=\"noreferrer noopener\"><em>file_download<\/em><\/a><\/p>\n\n\n\n<p><img src=\"https:\/\/central.to.gov.br\/image\/364593?w=670&amp;h=383\"><\/p>\n\n\n\n<p>Governador anunciou projetos para beneficiar os palmenses durante sess\u00e3o especial na C\u00e2mara Municipal &#8211; Esequias Araujo\/Governo do Tocantins&nbsp;<a href=\"https:\/\/central.to.gov.br\/image\/364593?f=1\" target=\"_blank\" rel=\"noreferrer noopener\"><em>file_download<\/em><\/a><\/p>\n\n\n\n<p><img src=\"https:\/\/central.to.gov.br\/image\/364592?w=670&amp;h=383\"><\/p>\n\n\n\n<p>Na ocasi\u00e3o, o governador Wanderlei Barbosa destacou parceria entre Estado e Capital durante abertura do ano legislativo em Palmas &#8211; Esequias Araujo\/Governo do Tocantins&nbsp;<\/p>\n","protected":false},"excerpt":{"rendered":"<p>O governador Wanderlei Barbosa prestigiou, na tarde desta ter\u00e7a-feira, 6, a Sess\u00e3o Especial de Abertura do Ano Legislativo de 2024, da C\u00e2mara Municipal de Palmas (CMP). A solenidade foi conduzida pelo presidente da Casa de Leis, vereador Folha Filho, no Plen\u00e1rio Tarc\u00edsio Machado da Fonseca.&nbsp;Na ocasi\u00e3o, o chefe do Executivo estadual ressaltou que o momento [&hellip;]<\/p>\n","protected":false},"author":2,"featured_media":18403,"comment_status":"open","ping_status":"open","sticky":false,"template":"","format":"standard","meta":[],"categories":[3],"tags":[13],"_links":{"self":[{"href":"https:\/\/dgospel.com.br\/portal\/index.php\/wp-json\/wp\/v2\/posts\/18402"}],"collection":[{"href":"https:\/\/dgospel.com.br\/portal\/index.php\/wp-json\/wp\/v2\/posts"}],"about":[{"href":"https:\/\/dgospel.com.br\/portal\/index.php\/wp-json\/wp\/v2\/types\/post"}],"author":[{"embeddable":true,"href":"https:\/\/dgospel.com.br\/portal\/index.php\/wp-json\/wp\/v2\/users\/2"}],"replies":[{"embeddable":true,"href":"https:\/\/dgospel.com.br\/portal\/index.php\/wp-json\/wp\/v2\/comments?post=18402"}],"version-history":[{"count":1,"href":"https:\/\/dgospel.com.br\/portal\/index.php\/wp-json\/wp\/v2\/posts\/18402\/revisions"}],"predecessor-version":[{"id":18404,"href":"https:\/\/dgospel.com.br\/portal\/index.php\/wp-json\/wp\/v2\/posts\/18402\/revisions\/18404"}],"wp:featuredmedia":[{"embeddable":true,"href":"https:\/\/dgospel.com.br\/portal\/index.php\/wp-json\/wp\/v2\/media\/18403"}],"wp:attachment":[{"href":"https:\/\/dgospel.com.br\/portal\/index.php\/wp-json\/wp\/v2\/media?parent=18402"}],"wp:term":[{"taxonomy":"category","embeddable":true,"href":"https:\/\/dgospel.com.br\/portal\/index.php\/wp-json\/wp\/v2\/categories?post=18402"},{"taxonomy":"post_tag","embeddable":true,"href":"https:\/\/dgospel.com.br\/portal\/index.php\/wp-json\/wp\/v2\/tags?post=18402"}],"curies":[{"name":"wp","href":"https:\/\/api.w.org\/{rel}","templated":true}]}}