{"id":18405,"date":"2024-02-06T22:52:58","date_gmt":"2024-02-07T01:52:58","guid":{"rendered":"https:\/\/dgospel.com.br\/portal\/?p=18405"},"modified":"2024-02-06T23:07:19","modified_gmt":"2024-02-07T02:07:19","slug":"expansao-de-voos-no-aeroporto-de-araguaina-e-tema-de-reuniao-entre-gipao-e-presidente-da-aciara","status":"publish","type":"post","link":"https:\/\/dgospel.com.br\/portal\/index.php\/2024\/02\/06\/expansao-de-voos-no-aeroporto-de-araguaina-e-tema-de-reuniao-entre-gipao-e-presidente-da-aciara\/","title":{"rendered":"Expans\u00e3o de voos no Aeroporto de Aragua\u00edna \u00e9 tema de reuni\u00e3o entre Gip\u00e3o e presidente da ACIARA"},"content":{"rendered":"\n<p>O deputado estadual Gip\u00e3o visitou, no \u00faltimo s\u00e1bado (03), a sede da Associa\u00e7\u00e3o Comercial e Industrial de Aragua\u00edna (ACIARA), e na ocasi\u00e3o discutiu com o presidente da entidade, o empres\u00e1rio Wiliam Rezende, sobre o assunto que tem ganhado destaque na imprensa local e nas p\u00e1ginas dos principais sites de not\u00edcias da regi\u00e3o que \u00e9 a t\u00e3o a aguardada expans\u00e3o de voos no aeroporto da cidade.<\/p>\n\n\n\n<p>O parlamentar tem acompanhado de perto as obras de moderniza\u00e7\u00e3o do Aeroporto de Aragua\u00edna, realizada pela prefeitura, e a mobiliza\u00e7\u00e3o feita pela ACIARA que, recentemente, lan\u00e7ou o movimento, \u201cAragua\u00edna Precisa Voar\u201d, um apelo para o aumento de voos di\u00e1rios.<\/p>\n\n\n\n<p>Gip\u00e3o destacou que sempre defendeu essa pauta e frisou a busca pela solu\u00e7\u00e3o do problema ainda em 2019, quando estava vereador e presidente da C\u00e2mara Municipal, chegando inclusive a realizar audi\u00eancia p\u00fablica, al\u00e9m de ir pessoalmente \u00e0 sede da ANAC em Bras\u00edlia, na tentativa de resolver a demanda.<\/p>\n\n\n\n<p>\u201cVejo essa quest\u00e3o como um desafio a ser superado. Comecei essa busca l\u00e1 atr\u00e1s como vereador e agora na Assembleia Legislativa, refor\u00e7o esse emprenho junto a classe empresarial, entendendo que essa pauta vai al\u00e9m do pr\u00f3prio aeroporto; \u00e9 o desenvolvimento do munic\u00edpio de Aragua\u00edna e a prosperidade da regi\u00e3o que est\u00e1 em jogo. Ent\u00e3o, \u00e9 certo que se o aeroporto estiver apto a receber novos voos, n\u00e3o vamos abrir m\u00e3o de lutar para que isto aconte\u00e7a\u201d, disse o deputado.<\/p>\n","protected":false},"excerpt":{"rendered":"<p>O deputado estadual Gip\u00e3o visitou, no \u00faltimo s\u00e1bado (03), a sede da Associa\u00e7\u00e3o Comercial e Industrial de Aragua\u00edna (ACIARA), e na ocasi\u00e3o discutiu com o presidente da entidade, o empres\u00e1rio Wiliam Rezende, sobre o assunto que tem ganhado destaque na imprensa local e nas p\u00e1ginas dos principais sites de not\u00edcias da regi\u00e3o que \u00e9 a [&hellip;]<\/p>\n","protected":false},"author":2,"featured_media":18408,"comment_status":"open","ping_status":"open","sticky":false,"template":"","format":"standard","meta":[],"categories":[8],"tags":[],"_links":{"self":[{"href":"https:\/\/dgospel.com.br\/portal\/index.php\/wp-json\/wp\/v2\/posts\/18405"}],"collection":[{"href":"https:\/\/dgospel.com.br\/portal\/index.php\/wp-json\/wp\/v2\/posts"}],"about":[{"href":"https:\/\/dgospel.com.br\/portal\/index.php\/wp-json\/wp\/v2\/types\/post"}],"author":[{"embeddable":true,"href":"https:\/\/dgospel.com.br\/portal\/index.php\/wp-json\/wp\/v2\/users\/2"}],"replies":[{"embeddable":true,"href":"https:\/\/dgospel.com.br\/portal\/index.php\/wp-json\/wp\/v2\/comments?post=18405"}],"version-history":[{"count":1,"href":"https:\/\/dgospel.com.br\/portal\/index.php\/wp-json\/wp\/v2\/posts\/18405\/revisions"}],"predecessor-version":[{"id":18407,"href":"https:\/\/dgospel.com.br\/portal\/index.php\/wp-json\/wp\/v2\/posts\/18405\/revisions\/18407"}],"wp:featuredmedia":[{"embeddable":true,"href":"https:\/\/dgospel.com.br\/portal\/index.php\/wp-json\/wp\/v2\/media\/18408"}],"wp:attachment":[{"href":"https:\/\/dgospel.com.br\/portal\/index.php\/wp-json\/wp\/v2\/media?parent=18405"}],"wp:term":[{"taxonomy":"category","embeddable":true,"href":"https:\/\/dgospel.com.br\/portal\/index.php\/wp-json\/wp\/v2\/categories?post=18405"},{"taxonomy":"post_tag","embeddable":true,"href":"https:\/\/dgospel.com.br\/portal\/index.php\/wp-json\/wp\/v2\/tags?post=18405"}],"curies":[{"name":"wp","href":"https:\/\/api.w.org\/{rel}","templated":true}]}}