{"id":18409,"date":"2024-02-08T08:51:12","date_gmt":"2024-02-08T11:51:12","guid":{"rendered":"https:\/\/dgospel.com.br\/portal\/?p=18409"},"modified":"2024-02-08T08:51:12","modified_gmt":"2024-02-08T11:51:12","slug":"senado-aprova-urgencia-do-projeto-de-lei-que-restringe-saidinhas-de-presos","status":"publish","type":"post","link":"https:\/\/dgospel.com.br\/portal\/index.php\/2024\/02\/08\/senado-aprova-urgencia-do-projeto-de-lei-que-restringe-saidinhas-de-presos\/","title":{"rendered":"Senado aprova urg\u00eancia do Projeto de Lei que restringe \u2018saidinhas\u2019 de presos"},"content":{"rendered":"\n<p>O Senado aprovou nesta quarta-feira (7) a urg\u00eancia do projeto de lei 2253\/2022, visando encerrar a pr\u00e1tica das \u201csaidinhas\u201d tempor\u00e1rias para presos durante feriados e datas comemorativas. A decis\u00e3o contou com oposi\u00e7\u00e3o de senadores como Paulo Paim (PT-RS), Jorge Kajuru (PSB-GO), Zenaide Maia (PSD-RN), e Randolfe Rodrigues (sem partido-AP), o l\u00edder do governo no Congresso.<\/p>\n\n\n\n<p>O projeto, que j\u00e1 havia passado pela Comiss\u00e3o de Seguran\u00e7a P\u00fablica do Senado na ter\u00e7a-feira (6), normalmente seguiria para a Comiss\u00e3o de Constitui\u00e7\u00e3o e Justi\u00e7a. No entanto, a urg\u00eancia solicitada pelo relator, senador Fl\u00e1vio Bolsonaro (PL-RJ), permite que o texto v\u00e1 diretamente para debate e vota\u00e7\u00e3o em plen\u00e1rio, com expectativa de discuss\u00e3o p\u00f3s-Carnaval.<\/p>\n\n\n\n<p>A medida prop\u00f5e restringir as sa\u00eddas tempor\u00e1rias, mantendo-as apenas para presos em regime semiaberto que estejam em atividades educacionais. Esta concess\u00e3o, contudo, n\u00e3o se aplicar\u00e1 aos condenados por crimes hediondos ou que envolvam viol\u00eancia ou grave amea\u00e7a.<\/p>\n\n\n\n<p>O contexto da discuss\u00e3o ganhou for\u00e7a ap\u00f3s a morte do sargento Roger Dias da Cunha em Belo Horizonte, levantando questionamentos sobre a pol\u00edtica das \u201csaidinhas\u201d.<\/p>\n","protected":false},"excerpt":{"rendered":"<p>O Senado aprovou nesta quarta-feira (7) a urg\u00eancia do projeto de lei 2253\/2022, visando encerrar a pr\u00e1tica das \u201csaidinhas\u201d tempor\u00e1rias para presos durante feriados e datas comemorativas. A decis\u00e3o contou com oposi\u00e7\u00e3o de senadores como Paulo Paim (PT-RS), Jorge Kajuru (PSB-GO), Zenaide Maia (PSD-RN), e Randolfe Rodrigues (sem partido-AP), o l\u00edder do governo no Congresso. [&hellip;]<\/p>\n","protected":false},"author":2,"featured_media":18410,"comment_status":"open","ping_status":"open","sticky":false,"template":"","format":"standard","meta":[],"categories":[8],"tags":[],"_links":{"self":[{"href":"https:\/\/dgospel.com.br\/portal\/index.php\/wp-json\/wp\/v2\/posts\/18409"}],"collection":[{"href":"https:\/\/dgospel.com.br\/portal\/index.php\/wp-json\/wp\/v2\/posts"}],"about":[{"href":"https:\/\/dgospel.com.br\/portal\/index.php\/wp-json\/wp\/v2\/types\/post"}],"author":[{"embeddable":true,"href":"https:\/\/dgospel.com.br\/portal\/index.php\/wp-json\/wp\/v2\/users\/2"}],"replies":[{"embeddable":true,"href":"https:\/\/dgospel.com.br\/portal\/index.php\/wp-json\/wp\/v2\/comments?post=18409"}],"version-history":[{"count":1,"href":"https:\/\/dgospel.com.br\/portal\/index.php\/wp-json\/wp\/v2\/posts\/18409\/revisions"}],"predecessor-version":[{"id":18411,"href":"https:\/\/dgospel.com.br\/portal\/index.php\/wp-json\/wp\/v2\/posts\/18409\/revisions\/18411"}],"wp:featuredmedia":[{"embeddable":true,"href":"https:\/\/dgospel.com.br\/portal\/index.php\/wp-json\/wp\/v2\/media\/18410"}],"wp:attachment":[{"href":"https:\/\/dgospel.com.br\/portal\/index.php\/wp-json\/wp\/v2\/media?parent=18409"}],"wp:term":[{"taxonomy":"category","embeddable":true,"href":"https:\/\/dgospel.com.br\/portal\/index.php\/wp-json\/wp\/v2\/categories?post=18409"},{"taxonomy":"post_tag","embeddable":true,"href":"https:\/\/dgospel.com.br\/portal\/index.php\/wp-json\/wp\/v2\/tags?post=18409"}],"curies":[{"name":"wp","href":"https:\/\/api.w.org\/{rel}","templated":true}]}}