{"id":18418,"date":"2024-02-08T16:21:49","date_gmt":"2024-02-08T19:21:49","guid":{"rendered":"https:\/\/dgospel.com.br\/portal\/?p=18418"},"modified":"2024-02-08T16:21:51","modified_gmt":"2024-02-08T19:21:51","slug":"em-reuniao-do-forum-de-governadores-com-a-ministra-da-saude-governador-wanderlei-barbosa-discute-enfrentamento-a-dengue","status":"publish","type":"post","link":"https:\/\/dgospel.com.br\/portal\/index.php\/2024\/02\/08\/em-reuniao-do-forum-de-governadores-com-a-ministra-da-saude-governador-wanderlei-barbosa-discute-enfrentamento-a-dengue\/","title":{"rendered":"Em reuni\u00e3o do F\u00f3rum de Governadores com a ministra da Sa\u00fade, governador Wanderlei Barbosa discute enfrentamento \u00e0 dengue"},"content":{"rendered":"\n<p>O governador do Tocantins, Wanderlei Barbosa, participou nesta quarta-feira, 7, de uma videoconfer\u00eancia do F\u00f3rum de Governadores com a ministra da Sa\u00fade, N\u00edsia Trindade. O objetivo foi discutir a situa\u00e7\u00e3o emergencial do enfrentamento \u00e0 dengue, que tem acometido de forma bastante acentuada v\u00e1rios estados.<\/p>\n\n\n\n<p>Acompanhado pelo secret\u00e1rio de Estado da Sa\u00fade, Carlos Felinto; e da superintendente de Vigil\u00e2ncia em Sa\u00fade, Perciliana Bezerra, o Governador destacou que a situa\u00e7\u00e3o no Tocantins est\u00e1 controlada, em virtude das medidas preventivas.<\/p>\n\n\n\n<p>O governador Wanderlei Barbosa demonstrou solidariedade aos governadores dos estados que enfrentam o surto da doen\u00e7a e outros problemas de sa\u00fade ligados principalmente ao per\u00edodo chuvoso. \u201cAqui, a situa\u00e7\u00e3o est\u00e1 controlada, temos 1.226 casos suspeitos, mas apenas 35 foram confirmados. Temos tomado medidas de precau\u00e7\u00e3o em rela\u00e7\u00e3o a essa quest\u00e3o da dengue, conversamos com todas as unidades de sa\u00fade do nosso Estado e vamos come\u00e7ar as campanhas de orienta\u00e7\u00e3o, inclusive pelas redes sociais e pela televis\u00e3o\u201d, frisou o Governador, afirmando que j\u00e1 est\u00e1 em contato com a Associa\u00e7\u00e3o Tocantinenses de Munic\u00edpios (ATM) para tratar da quest\u00e3o.<\/p>\n\n\n\n<p>A ministra da Sa\u00fade, N\u00edsia Trindade, pontuou que v\u00e1rios estados enfrentam surtos da doen\u00e7a e refor\u00e7ou a necessidade de intensificar os cuidados e a preven\u00e7\u00e3o. \u201c\u00c9 preciso combater os focos de prolifera\u00e7\u00e3o do mosquito nas casas e nos espa\u00e7os p\u00fablicos. Agora, \u00e9 a hora de todo o Brasil se unir em torno de uma coopera\u00e7\u00e3o federativa para o enfrentamento da dengue\u201d, conclamou a ministra, alertando para o aumento de casos da doen\u00e7a.<\/p>\n\n\n\n<p>N\u00edsia Trindade explicou que o calor recorde e as chuvas acima da m\u00e9dia, desde 2023, aumentaram os focos do mosquito transmissor, e que essa situa\u00e7\u00e3o exige a\u00e7\u00f5es adicionais do Governo Federal, dos governadores, dos prefeitos e de toda a popula\u00e7\u00e3o. \u201cAmpliamos em R$ 1,5 bilh\u00e3o o repasse de recursos para estados e munic\u00edpios. Um Centro de Opera\u00e7\u00f5es de Emerg\u00eancias foi montado para analisar diariamente a evolu\u00e7\u00e3o dos casos e mobilizar as a\u00e7\u00f5es de todos os \u00f3rg\u00e3os envolvidos no enfrentamento \u00e0 dengue\u201d, salientou.<\/p>\n\n\n\n<p><strong>Vacina<\/strong><\/p>\n\n\n\n<p>\u201cAp\u00f3s 40 anos de enfrentamento \u00e0s epidemias de dengue, temos agora uma importante conquista da ci\u00eancia e da sa\u00fade: a vacina. O Brasil \u00e9 o primeiro pa\u00eds a incorporar ao sistema p\u00fablico de sa\u00fade, o SUS, uma vacina para dengue\u201d, pontuou a ministra N\u00edsia Trindade, lembrando que a vacina\u00e7\u00e3o ser\u00e1 feita de forma progressiva, dado o n\u00famero limitado de doses produzidas pelo laborat\u00f3rio fabricante.<\/p>\n\n\n\n<p>A ministra abordou, ainda, os crit\u00e9rios para distribui\u00e7\u00e3o das vacinas. \u201cOs crit\u00e9rios para distribui\u00e7\u00e3o inicial para um grupo de munic\u00edpios foram baseados na incid\u00eancia da doen\u00e7a e definidos pelo Minist\u00e9rio da Sa\u00fade e pelos conselhos nacionais de secret\u00e1rios de sa\u00fade de estados e munic\u00edpios. Dentre o grupo para o qual a vacina foi autorizada, ser\u00e3o imunizadas as crian\u00e7as entre 10 e 14 anos\u201d, explica.<\/p>\n\n\n\n<p>O secret\u00e1rio de Estado da Sa\u00fade, Carlos Felinto, destacou que &#8220;as equipes de vigil\u00e2ncia da secretaria\u00a0est\u00e3o trabalhando, com os munic\u00edpios, a\u00e7\u00f5es coordenadas para o controle do vetor. Os dados s\u00e3o acompanhados diariamente e com produ\u00e7\u00e3o de boletins semanais. \u201cReativamos o Comit\u00ea de Opera\u00e7\u00f5es de Emerg\u00eancia, que \u00e9 respons\u00e1vel pelo acompanhamento dos adventos em sa\u00fade p\u00fablica e, aliado a isso, constantemente realizamos capacita\u00e7\u00f5es para os agentes de endemias, os quais s\u00e3o ligados aos munic\u00edpios e atuam diretamente no combate ao\u00a0<em>Aedes<\/em>. Vale destacar que, para o controle das arboviroses, \u00e9 essencial a participa\u00e7\u00e3o da popula\u00e7\u00e3o, que pode eliminar os focos a partir de suas resid\u00eancias&#8221;, pontuou o secret\u00e1rio.<\/p>\n\n\n\n<p><img src=\"https:\/\/central.to.gov.br\/image\/364792?w=670&amp;h=383\"><\/p>\n\n\n\n<p>Governador destacou que a situa\u00e7\u00e3o no Tocantins est\u00e1 controlada, em virtude das medidas preventivas &#8211; Governo do Tocantins&nbsp;<\/p>\n","protected":false},"excerpt":{"rendered":"<p>O governador do Tocantins, Wanderlei Barbosa, participou nesta quarta-feira, 7, de uma videoconfer\u00eancia do F\u00f3rum de Governadores com a ministra da Sa\u00fade, N\u00edsia Trindade. O objetivo foi discutir a situa\u00e7\u00e3o emergencial do enfrentamento \u00e0 dengue, que tem acometido de forma bastante acentuada v\u00e1rios estados. Acompanhado pelo secret\u00e1rio de Estado da Sa\u00fade, Carlos Felinto; e da [&hellip;]<\/p>\n","protected":false},"author":2,"featured_media":18419,"comment_status":"open","ping_status":"open","sticky":false,"template":"","format":"standard","meta":[],"categories":[3],"tags":[13],"_links":{"self":[{"href":"https:\/\/dgospel.com.br\/portal\/index.php\/wp-json\/wp\/v2\/posts\/18418"}],"collection":[{"href":"https:\/\/dgospel.com.br\/portal\/index.php\/wp-json\/wp\/v2\/posts"}],"about":[{"href":"https:\/\/dgospel.com.br\/portal\/index.php\/wp-json\/wp\/v2\/types\/post"}],"author":[{"embeddable":true,"href":"https:\/\/dgospel.com.br\/portal\/index.php\/wp-json\/wp\/v2\/users\/2"}],"replies":[{"embeddable":true,"href":"https:\/\/dgospel.com.br\/portal\/index.php\/wp-json\/wp\/v2\/comments?post=18418"}],"version-history":[{"count":1,"href":"https:\/\/dgospel.com.br\/portal\/index.php\/wp-json\/wp\/v2\/posts\/18418\/revisions"}],"predecessor-version":[{"id":18420,"href":"https:\/\/dgospel.com.br\/portal\/index.php\/wp-json\/wp\/v2\/posts\/18418\/revisions\/18420"}],"wp:featuredmedia":[{"embeddable":true,"href":"https:\/\/dgospel.com.br\/portal\/index.php\/wp-json\/wp\/v2\/media\/18419"}],"wp:attachment":[{"href":"https:\/\/dgospel.com.br\/portal\/index.php\/wp-json\/wp\/v2\/media?parent=18418"}],"wp:term":[{"taxonomy":"category","embeddable":true,"href":"https:\/\/dgospel.com.br\/portal\/index.php\/wp-json\/wp\/v2\/categories?post=18418"},{"taxonomy":"post_tag","embeddable":true,"href":"https:\/\/dgospel.com.br\/portal\/index.php\/wp-json\/wp\/v2\/tags?post=18418"}],"curies":[{"name":"wp","href":"https:\/\/api.w.org\/{rel}","templated":true}]}}