{"id":1842,"date":"2018-11-13T16:57:47","date_gmt":"2018-11-13T18:57:47","guid":{"rendered":"http:\/\/dgospel.com.br\/portal\/?p=1842"},"modified":"2018-11-13T16:57:47","modified_gmt":"2018-11-13T18:57:47","slug":"projeto-de-ataides-protege-gestantes-e-lactantes-em-trabalhos-insalubres","status":"publish","type":"post","link":"https:\/\/dgospel.com.br\/portal\/index.php\/2018\/11\/13\/projeto-de-ataides-protege-gestantes-e-lactantes-em-trabalhos-insalubres\/","title":{"rendered":"Projeto de Ata\u00eddes protege gestantes e lactantes em trabalhos insalubres"},"content":{"rendered":"<p class=\"yiv5938765310MsoNormal\">A Comiss\u00e3o de Assuntos Econ\u00f4micos do Senado aprovou nesta ter\u00e7a-feira (13) projeto do senador Ata\u00eddes Oliveira (PSDB\/TO) estabelecendo novas regras para o trabalho de gestantes e lactantes em locais insalubres.\u00a0O\u00a0<a href=\"https:\/\/www25.senado.leg.br\/web\/atividade\/materias\/-\/materia\/133248\" target=\"_blank\" rel=\"nofollow noopener\">PLS 230\/2018<\/a>\u00a0garantiu um ajuste importante na reforma trabalhista, resguardando a sa\u00fade e a empregabilidade de mulheres em idade reprodutiva.<u><\/u><u><\/u><\/p>\n<p class=\"yiv5938765310MsoNormal\">O texto prev\u00ea o afastamento de gestantes de quaisquer atividades com n\u00edveis altos de insalubridade. Quando o grau de insalubridade for m\u00e9dio ou m\u00ednimo, o trabalho da gestante somente ser\u00e1 permitido quando ela, por iniciativa pr\u00f3pria, apresentar atestado de sa\u00fade, emitido por m\u00e9dico de sua confian\u00e7a, autorizando sua perman\u00eancia no trabalho. No caso das lactantes, o afastamento de atividades insalubres em qualquer grau se dar\u00e1 quando houver recomenda\u00e7\u00e3o m\u00e9dica.<u><\/u><u><\/u><\/p>\n<p class=\"yiv5938765310MsoNormal\">\u201cO objetivo \u00e9 garantir a sa\u00fade da mulher e, ao mesmo tempo, evitar que ela seja discriminada no trabalho\u201d, explicou Ata\u00eddes. O senador lembrou que a falta de um dispositivo como esse foi um dos pontos mais criticados da reforma trabalhista, aprovada no ano passado. O governo chegou a editar uma medida provis\u00f3ria para suprir essa lacuna, mas a medida perdeu a vig\u00eancia por n\u00e3o ter sido aprovada a tempo pelo Congresso Nacional.<u><\/u><u><\/u><\/p>\n<p class=\"yiv5938765310MsoNormal\">O PLS 230\/2018 segue agora para an\u00e1lise da Comiss\u00e3o de Constitui\u00e7\u00e3o, Justi\u00e7a e Cidadania.<\/p>\n","protected":false},"excerpt":{"rendered":"<p>A Comiss\u00e3o de Assuntos Econ\u00f4micos do Senado aprovou nesta ter\u00e7a-feira (13) projeto do senador Ata\u00eddes Oliveira (PSDB\/TO) estabelecendo novas regras para o trabalho de gestantes e lactantes em locais insalubres.\u00a0O\u00a0PLS 230\/2018\u00a0garantiu um ajuste importante na reforma trabalhista, resguardando a sa\u00fade e a empregabilidade de mulheres em idade reprodutiva. O texto prev\u00ea o afastamento de gestantes [&hellip;]<\/p>\n","protected":false},"author":2,"featured_media":1843,"comment_status":"open","ping_status":"open","sticky":false,"template":"","format":"standard","meta":[],"categories":[8,2,4],"tags":[],"_links":{"self":[{"href":"https:\/\/dgospel.com.br\/portal\/index.php\/wp-json\/wp\/v2\/posts\/1842"}],"collection":[{"href":"https:\/\/dgospel.com.br\/portal\/index.php\/wp-json\/wp\/v2\/posts"}],"about":[{"href":"https:\/\/dgospel.com.br\/portal\/index.php\/wp-json\/wp\/v2\/types\/post"}],"author":[{"embeddable":true,"href":"https:\/\/dgospel.com.br\/portal\/index.php\/wp-json\/wp\/v2\/users\/2"}],"replies":[{"embeddable":true,"href":"https:\/\/dgospel.com.br\/portal\/index.php\/wp-json\/wp\/v2\/comments?post=1842"}],"version-history":[{"count":1,"href":"https:\/\/dgospel.com.br\/portal\/index.php\/wp-json\/wp\/v2\/posts\/1842\/revisions"}],"predecessor-version":[{"id":1844,"href":"https:\/\/dgospel.com.br\/portal\/index.php\/wp-json\/wp\/v2\/posts\/1842\/revisions\/1844"}],"wp:featuredmedia":[{"embeddable":true,"href":"https:\/\/dgospel.com.br\/portal\/index.php\/wp-json\/wp\/v2\/media\/1843"}],"wp:attachment":[{"href":"https:\/\/dgospel.com.br\/portal\/index.php\/wp-json\/wp\/v2\/media?parent=1842"}],"wp:term":[{"taxonomy":"category","embeddable":true,"href":"https:\/\/dgospel.com.br\/portal\/index.php\/wp-json\/wp\/v2\/categories?post=1842"},{"taxonomy":"post_tag","embeddable":true,"href":"https:\/\/dgospel.com.br\/portal\/index.php\/wp-json\/wp\/v2\/tags?post=1842"}],"curies":[{"name":"wp","href":"https:\/\/api.w.org\/{rel}","templated":true}]}}