{"id":18421,"date":"2024-02-08T16:24:42","date_gmt":"2024-02-08T19:24:42","guid":{"rendered":"https:\/\/dgospel.com.br\/portal\/?p=18421"},"modified":"2024-02-23T16:15:02","modified_gmt":"2024-02-23T19:15:02","slug":"governador-wanderlei-barbosa-se-compromete-a-conseguir-novos-voos-e-apoiar-feira-de-negocios-em-araguaina","status":"publish","type":"post","link":"https:\/\/dgospel.com.br\/portal\/index.php\/2024\/02\/08\/governador-wanderlei-barbosa-se-compromete-a-conseguir-novos-voos-e-apoiar-feira-de-negocios-em-araguaina\/","title":{"rendered":"Vereador Rubens Uch\u00f4a apresenta requerimento para beneficiar a Unidade B\u00e1sica de Sa\u00fade do Setor Aureny IV"},"content":{"rendered":"\n<p>Na manh\u00e3 desta quarta-feira, dia 7 de fevereiro, o Vereador Rubens Uch\u00f4a apresentou um requerimento de extrema import\u00e2ncia para beneficiar as Unidade B\u00e1sica de Sa\u00fade do Setor Aureny IV. Ap\u00f3s uma detalhada fiscaliza\u00e7\u00e3o nos locais, o vereador constatou a urgente necessidade de material de inform\u00e1tica para otimizar o atendimento \u00e0 popula\u00e7\u00e3o e facilitar o trabalho dos profissionais de sa\u00fade.<\/p>\n\n\n\n<p>\u201cAo realizar minha obriga\u00e7\u00e3o de fiscalizar, pude verificar pessoalmente as car\u00eancias nos postinhos de sa\u00fade do Setor Aureny IV e perceber a demanda por computadores e impressoras para melhor servir \u00e0 comunidade\u201d, destacou o vereador.<\/p>\n\n\n\n<p>Al\u00e9m do requerimento, o Vereador Rubens Uch\u00f4a n\u00e3o mediu esfor\u00e7os e destinou uma emenda no valor de R$ 200.000,00 (Duzentos mil reais) para aquisi\u00e7\u00e3o desse material t\u00e3o essencial. Essa iniciativa demonstra o compromisso do vereador com a qualidade do servi\u00e7o p\u00fablico de sa\u00fade e o bem-estar da popula\u00e7\u00e3o local.<\/p>\n\n\n\n<p>&nbsp;<\/p>\n","protected":false},"excerpt":{"rendered":"<p>Na manh\u00e3 desta quarta-feira, dia 7 de fevereiro, o Vereador Rubens Uch\u00f4a apresentou um requerimento de extrema import\u00e2ncia para beneficiar as Unidade B\u00e1sica de Sa\u00fade do Setor Aureny IV. Ap\u00f3s uma detalhada fiscaliza\u00e7\u00e3o nos locais, o vereador constatou a urgente necessidade de material de inform\u00e1tica para otimizar o atendimento \u00e0 popula\u00e7\u00e3o e facilitar o trabalho [&hellip;]<\/p>\n","protected":false},"author":2,"featured_media":18535,"comment_status":"open","ping_status":"open","sticky":false,"template":"","format":"standard","meta":[],"categories":[8],"tags":[13],"_links":{"self":[{"href":"https:\/\/dgospel.com.br\/portal\/index.php\/wp-json\/wp\/v2\/posts\/18421"}],"collection":[{"href":"https:\/\/dgospel.com.br\/portal\/index.php\/wp-json\/wp\/v2\/posts"}],"about":[{"href":"https:\/\/dgospel.com.br\/portal\/index.php\/wp-json\/wp\/v2\/types\/post"}],"author":[{"embeddable":true,"href":"https:\/\/dgospel.com.br\/portal\/index.php\/wp-json\/wp\/v2\/users\/2"}],"replies":[{"embeddable":true,"href":"https:\/\/dgospel.com.br\/portal\/index.php\/wp-json\/wp\/v2\/comments?post=18421"}],"version-history":[{"count":3,"href":"https:\/\/dgospel.com.br\/portal\/index.php\/wp-json\/wp\/v2\/posts\/18421\/revisions"}],"predecessor-version":[{"id":18541,"href":"https:\/\/dgospel.com.br\/portal\/index.php\/wp-json\/wp\/v2\/posts\/18421\/revisions\/18541"}],"wp:featuredmedia":[{"embeddable":true,"href":"https:\/\/dgospel.com.br\/portal\/index.php\/wp-json\/wp\/v2\/media\/18535"}],"wp:attachment":[{"href":"https:\/\/dgospel.com.br\/portal\/index.php\/wp-json\/wp\/v2\/media?parent=18421"}],"wp:term":[{"taxonomy":"category","embeddable":true,"href":"https:\/\/dgospel.com.br\/portal\/index.php\/wp-json\/wp\/v2\/categories?post=18421"},{"taxonomy":"post_tag","embeddable":true,"href":"https:\/\/dgospel.com.br\/portal\/index.php\/wp-json\/wp\/v2\/tags?post=18421"}],"curies":[{"name":"wp","href":"https:\/\/api.w.org\/{rel}","templated":true}]}}