{"id":18427,"date":"2024-02-08T16:31:35","date_gmt":"2024-02-08T19:31:35","guid":{"rendered":"https:\/\/dgospel.com.br\/portal\/?p=18427"},"modified":"2024-02-08T16:31:36","modified_gmt":"2024-02-08T19:31:36","slug":"devassa-persecutoria-mourao-cobra-acao-das-forcas-armadas","status":"publish","type":"post","link":"https:\/\/dgospel.com.br\/portal\/index.php\/2024\/02\/08\/devassa-persecutoria-mourao-cobra-acao-das-forcas-armadas\/","title":{"rendered":"\u201cDevassa persecut\u00f3ria\u201d: Mour\u00e3o cobra a\u00e7\u00e3o das For\u00e7as Armadas"},"content":{"rendered":"\n<p>O ex-vice-presidente da Rep\u00fablica, general Hamilton Mour\u00e3o (Republicanos-RS), usou suas redes sociais, nesta quinta-feira (8), para criticar o que chamou de \u201cdevassa persecut\u00f3ria\u201d contra advers\u00e1rios pol\u00edticos. Na publica\u00e7\u00e3o, o senador cobrou uma rea\u00e7\u00e3o por parte das For\u00e7as Armadas e Justi\u00e7a Militar para p\u00f4r fim \u00e0 ofensiva do Judici\u00e1rio sobre o ex-presidente Jair Bolsonaro, seus aliados e apoiadores.<\/p>\n\n\n\n<p>O parlamentar denunciou um \u201cfen\u00f4meno de desmando desenfreado\u201d no Brasil.<\/p>\n\n\n\n<p>\u2013 Uma devassa persecut\u00f3ria \u00e9 o que estamos testemunhando, hoje, no Brasil. N\u00e3o podemos nos omitir, nem as For\u00e7as Armadas, nem a Justi\u00e7a Militar, sobre esse fen\u00f4meno de desmando desenfreado que persegue advers\u00e1rios e que pode acarretar instabilidade no Pa\u00eds \u2013 disse Mour\u00e3o na rede social X, antigo Twitter.<\/p>\n\n\n\n<figure class=\"wp-block-image\"><img src=\"https:\/\/static.cdn.pleno.news\/2024\/02\/Mour%C3%A3o-Rede-social-X.png\" alt=\"\" class=\"wp-image-1276046\"\/><\/figure>\n\n\n\n<p>No post, ele tamb\u00e9m divulgou seu pronunciamento na tribuna do plen\u00e1rio do Senado Federal, nesta quinta-feira.<\/p>\n\n\n\n<figure class=\"wp-block-embed is-type-video is-provider-youtube wp-block-embed-youtube wp-embed-aspect-16-9 wp-has-aspect-ratio\"><div class=\"wp-block-embed__wrapper\">\n<iframe loading=\"lazy\" title=\"DISCURSO DO SENADOR HAMILTON MOUR\u00c3O - 08\/02\/24\" width=\"630\" height=\"354\" src=\"https:\/\/www.youtube.com\/embed\/FJeinQ5FPBA?feature=oembed\" frameborder=\"0\" allow=\"accelerometer; autoplay; clipboard-write; encrypted-media; gyroscope; picture-in-picture; web-share\" allowfullscreen><\/iframe>\n<\/div><\/figure>\n","protected":false},"excerpt":{"rendered":"<p>O ex-vice-presidente da Rep\u00fablica, general Hamilton Mour\u00e3o (Republicanos-RS), usou suas redes sociais, nesta quinta-feira (8), para criticar o que chamou de \u201cdevassa persecut\u00f3ria\u201d contra advers\u00e1rios pol\u00edticos. Na publica\u00e7\u00e3o, o senador cobrou uma rea\u00e7\u00e3o por parte das For\u00e7as Armadas e Justi\u00e7a Militar para p\u00f4r fim \u00e0 ofensiva do Judici\u00e1rio sobre o ex-presidente Jair Bolsonaro, seus aliados [&hellip;]<\/p>\n","protected":false},"author":2,"featured_media":18428,"comment_status":"open","ping_status":"open","sticky":false,"template":"","format":"standard","meta":[],"categories":[4],"tags":[],"_links":{"self":[{"href":"https:\/\/dgospel.com.br\/portal\/index.php\/wp-json\/wp\/v2\/posts\/18427"}],"collection":[{"href":"https:\/\/dgospel.com.br\/portal\/index.php\/wp-json\/wp\/v2\/posts"}],"about":[{"href":"https:\/\/dgospel.com.br\/portal\/index.php\/wp-json\/wp\/v2\/types\/post"}],"author":[{"embeddable":true,"href":"https:\/\/dgospel.com.br\/portal\/index.php\/wp-json\/wp\/v2\/users\/2"}],"replies":[{"embeddable":true,"href":"https:\/\/dgospel.com.br\/portal\/index.php\/wp-json\/wp\/v2\/comments?post=18427"}],"version-history":[{"count":1,"href":"https:\/\/dgospel.com.br\/portal\/index.php\/wp-json\/wp\/v2\/posts\/18427\/revisions"}],"predecessor-version":[{"id":18429,"href":"https:\/\/dgospel.com.br\/portal\/index.php\/wp-json\/wp\/v2\/posts\/18427\/revisions\/18429"}],"wp:featuredmedia":[{"embeddable":true,"href":"https:\/\/dgospel.com.br\/portal\/index.php\/wp-json\/wp\/v2\/media\/18428"}],"wp:attachment":[{"href":"https:\/\/dgospel.com.br\/portal\/index.php\/wp-json\/wp\/v2\/media?parent=18427"}],"wp:term":[{"taxonomy":"category","embeddable":true,"href":"https:\/\/dgospel.com.br\/portal\/index.php\/wp-json\/wp\/v2\/categories?post=18427"},{"taxonomy":"post_tag","embeddable":true,"href":"https:\/\/dgospel.com.br\/portal\/index.php\/wp-json\/wp\/v2\/tags?post=18427"}],"curies":[{"name":"wp","href":"https:\/\/api.w.org\/{rel}","templated":true}]}}