{"id":18430,"date":"2024-02-08T17:01:42","date_gmt":"2024-02-08T20:01:42","guid":{"rendered":"https:\/\/dgospel.com.br\/portal\/?p=18430"},"modified":"2024-02-08T17:01:43","modified_gmt":"2024-02-08T20:01:43","slug":"moraes-quer-prender-bolsonaro-fechar-o-pl-e-acabar-com-direita-diz-aliado-de-bolsonaro","status":"publish","type":"post","link":"https:\/\/dgospel.com.br\/portal\/index.php\/2024\/02\/08\/moraes-quer-prender-bolsonaro-fechar-o-pl-e-acabar-com-direita-diz-aliado-de-bolsonaro\/","title":{"rendered":"\u201cMoraes quer prender Bolsonaro, fechar o PL e acabar com direita\u201d, diz aliado de Bolsonaro"},"content":{"rendered":"\n<p>Em declara\u00e7\u00f5es contundentes, um aliado de Jair Bolsonaro acusou o ministro Alexandre de Moraes de visar a pris\u00e3o do ex-presidente, o fechamento do PL e o fim da direita pol\u00edtica. Essas alega\u00e7\u00f5es surgem em meio \u00e0 opera\u00e7\u00e3o da Pol\u00edcia Federal desta quinta-feira (8\/2), que tem Bolsonaro, seus ex-ministros, militares e ex-assessores como alvos, baseando-se principalmente na dela\u00e7\u00e3o do tenente-coronel Mauro Cid e nos depoimentos do hacker Walter Delgatti.<\/p>\n\n\n\n<p>Segundo as investiga\u00e7\u00f5es, que ganharam for\u00e7a com a dela\u00e7\u00e3o de Cid, houve envolvimento direto de figuras como o almirante Almir Garnier e Filipe Martins, este \u00faltimo ex-assessor de Assuntos Internacionais, na articula\u00e7\u00e3o de um golpe. Cid revelou planos de golpe apoiados por Garnier, enquanto Martins teria contribu\u00eddo com documentos golpistas para Bolsonaro.<\/p>\n\n\n\n<p>Walter Delgatti, por sua vez, implicou o general Paulo S\u00e9rgio Nogueira e o coronel Marcelo C\u00e2mara em crimes relacionados \u00e0 descredibiliza\u00e7\u00e3o das urnas eletr\u00f4nicas, detalhando uma reuni\u00e3o no Alvorada onde Bolsonaro teria proposto um indulto a Delgatti para invadir as urnas e interceptar comunica\u00e7\u00f5es do ministro Alexandre de Moraes.<\/p>\n\n\n\n<p>A Opera\u00e7\u00e3o Tempus Veritatis, sob a orienta\u00e7\u00e3o do STF, investiga a forma\u00e7\u00e3o de uma suposta organiza\u00e7\u00e3o criminosa que buscava subverter a ordem democr\u00e1tica para manter Bolsonaro no poder, delineando um cen\u00e1rio de tentativa de golpe de Estado e ataque ao Estado Democr\u00e1tico de Direito.<\/p>\n","protected":false},"excerpt":{"rendered":"<p>Em declara\u00e7\u00f5es contundentes, um aliado de Jair Bolsonaro acusou o ministro Alexandre de Moraes de visar a pris\u00e3o do ex-presidente, o fechamento do PL e o fim da direita pol\u00edtica. Essas alega\u00e7\u00f5es surgem em meio \u00e0 opera\u00e7\u00e3o da Pol\u00edcia Federal desta quinta-feira (8\/2), que tem Bolsonaro, seus ex-ministros, militares e ex-assessores como alvos, baseando-se principalmente [&hellip;]<\/p>\n","protected":false},"author":2,"featured_media":18431,"comment_status":"open","ping_status":"open","sticky":false,"template":"","format":"standard","meta":[],"categories":[10],"tags":[],"_links":{"self":[{"href":"https:\/\/dgospel.com.br\/portal\/index.php\/wp-json\/wp\/v2\/posts\/18430"}],"collection":[{"href":"https:\/\/dgospel.com.br\/portal\/index.php\/wp-json\/wp\/v2\/posts"}],"about":[{"href":"https:\/\/dgospel.com.br\/portal\/index.php\/wp-json\/wp\/v2\/types\/post"}],"author":[{"embeddable":true,"href":"https:\/\/dgospel.com.br\/portal\/index.php\/wp-json\/wp\/v2\/users\/2"}],"replies":[{"embeddable":true,"href":"https:\/\/dgospel.com.br\/portal\/index.php\/wp-json\/wp\/v2\/comments?post=18430"}],"version-history":[{"count":1,"href":"https:\/\/dgospel.com.br\/portal\/index.php\/wp-json\/wp\/v2\/posts\/18430\/revisions"}],"predecessor-version":[{"id":18432,"href":"https:\/\/dgospel.com.br\/portal\/index.php\/wp-json\/wp\/v2\/posts\/18430\/revisions\/18432"}],"wp:featuredmedia":[{"embeddable":true,"href":"https:\/\/dgospel.com.br\/portal\/index.php\/wp-json\/wp\/v2\/media\/18431"}],"wp:attachment":[{"href":"https:\/\/dgospel.com.br\/portal\/index.php\/wp-json\/wp\/v2\/media?parent=18430"}],"wp:term":[{"taxonomy":"category","embeddable":true,"href":"https:\/\/dgospel.com.br\/portal\/index.php\/wp-json\/wp\/v2\/categories?post=18430"},{"taxonomy":"post_tag","embeddable":true,"href":"https:\/\/dgospel.com.br\/portal\/index.php\/wp-json\/wp\/v2\/tags?post=18430"}],"curies":[{"name":"wp","href":"https:\/\/api.w.org\/{rel}","templated":true}]}}