{"id":18442,"date":"2024-02-12T10:27:39","date_gmt":"2024-02-12T13:27:39","guid":{"rendered":"https:\/\/dgospel.com.br\/portal\/?p=18442"},"modified":"2024-02-12T10:30:59","modified_gmt":"2024-02-12T13:30:59","slug":"nono-congresso-internacional-abala-tera-a-participacao-de-grandes-pregadores-e-cantores-nacionais","status":"publish","type":"post","link":"https:\/\/dgospel.com.br\/portal\/index.php\/2024\/02\/12\/nono-congresso-internacional-abala-tera-a-participacao-de-grandes-pregadores-e-cantores-nacionais\/","title":{"rendered":"Nono Congresso Internacional Abala ter\u00e1 a participa\u00e7\u00e3o de grandes pregadores e cantores nacionais"},"content":{"rendered":"\n<p>O 9\u00ba Congresso Internacional Abala est\u00e1 marcado para acontecer entre os dias 08 a 11 de abril na capital tocantinense. O evento, que j\u00e1 se tornou tradi\u00e7\u00e3o no Tocantins, liderado pelo Pastor Saulo Telles, da Igreja Assembleia de Deus AD1, contar\u00e1 com a participa\u00e7\u00e3o de destacados pregadores e cantores gospel.<\/p>\n\n\n\n<p>Entre os nomes confirmados na programa\u00e7\u00e3o, est\u00e3o o cantor Silvan Santos, o pastor Marco Feliciano, a cantora Eliane Fernandes, e, por fim, a Mission\u00e1ria Vit\u00f3ria Souza,&nbsp; a pregadora dos v\u00eddeos virais , Rubens Uch\u00f4a, Vanilda Bordieri, Djalma Furquim e mais de 50 cantores e pregadores<\/p>\n\n\n\n<p>O pastor Saulo Telles ressaltou a import\u00e2ncia do Congresso Internacional Abala como um meio de proclamar o evangelho atrav\u00e9s da palavra de Deus e dos louvores entoados durante o evento. \u201cEstamos entusiasmados em proporcionar esse espa\u00e7o para compartilhar a mensagem divina e fortalecer a f\u00e9 dos participantes\u201d.<\/p>\n\n\n\n<p>Para alcan\u00e7ar um p\u00fablico mais amplo, o evento ser\u00e1 transmitido ao vivo pelas redes sociais, permitindo que pessoas de diferentes partes do Brasil e do mundo participem virtualmente desse momento de adora\u00e7\u00e3o e reflex\u00e3o espiritual.<\/p>\n\n\n\n<p>A organiza\u00e7\u00e3o do congresso est\u00e1 a cargo da Igreja Assembleia de Deus AD1 , conven\u00e7\u00e3o CEADDIF -CGADB presidida pelo Pastor Saulo Telles e sua esposa, Pastora Karine. A expectativa \u00e9 que o Congresso Internacional Abala em sua 9\u00aa edi\u00e7\u00e3o seja mais um marco e re\u00fana milhares de fi\u00e9is.<\/p>\n\n\n\n<p>\u201cToda honra e gl\u00f3ria, damos ao nosso Deus. Pedimos que os irm\u00e3os em Cristo, orem, jejum e consagrem juntos conosco, para que o nosso Deus possa salvar, batizar e renovar vidas durante o evento\u201d, disse Telles em entrevista.<\/p>\n\n\n\n<p>Informa\u00e7\u00e3o: ASCOM AD1<\/p>\n","protected":false},"excerpt":{"rendered":"<p>O 9\u00ba Congresso Internacional Abala est\u00e1 marcado para acontecer entre os dias 08 a 11 de abril na capital tocantinense. O evento, que j\u00e1 se tornou tradi\u00e7\u00e3o no Tocantins, liderado pelo Pastor Saulo Telles, da Igreja Assembleia de Deus AD1, contar\u00e1 com a participa\u00e7\u00e3o de destacados pregadores e cantores gospel. Entre os nomes confirmados na [&hellip;]<\/p>\n","protected":false},"author":2,"featured_media":18445,"comment_status":"open","ping_status":"open","sticky":false,"template":"","format":"standard","meta":[],"categories":[5],"tags":[],"_links":{"self":[{"href":"https:\/\/dgospel.com.br\/portal\/index.php\/wp-json\/wp\/v2\/posts\/18442"}],"collection":[{"href":"https:\/\/dgospel.com.br\/portal\/index.php\/wp-json\/wp\/v2\/posts"}],"about":[{"href":"https:\/\/dgospel.com.br\/portal\/index.php\/wp-json\/wp\/v2\/types\/post"}],"author":[{"embeddable":true,"href":"https:\/\/dgospel.com.br\/portal\/index.php\/wp-json\/wp\/v2\/users\/2"}],"replies":[{"embeddable":true,"href":"https:\/\/dgospel.com.br\/portal\/index.php\/wp-json\/wp\/v2\/comments?post=18442"}],"version-history":[{"count":1,"href":"https:\/\/dgospel.com.br\/portal\/index.php\/wp-json\/wp\/v2\/posts\/18442\/revisions"}],"predecessor-version":[{"id":18444,"href":"https:\/\/dgospel.com.br\/portal\/index.php\/wp-json\/wp\/v2\/posts\/18442\/revisions\/18444"}],"wp:featuredmedia":[{"embeddable":true,"href":"https:\/\/dgospel.com.br\/portal\/index.php\/wp-json\/wp\/v2\/media\/18445"}],"wp:attachment":[{"href":"https:\/\/dgospel.com.br\/portal\/index.php\/wp-json\/wp\/v2\/media?parent=18442"}],"wp:term":[{"taxonomy":"category","embeddable":true,"href":"https:\/\/dgospel.com.br\/portal\/index.php\/wp-json\/wp\/v2\/categories?post=18442"},{"taxonomy":"post_tag","embeddable":true,"href":"https:\/\/dgospel.com.br\/portal\/index.php\/wp-json\/wp\/v2\/tags?post=18442"}],"curies":[{"name":"wp","href":"https:\/\/api.w.org\/{rel}","templated":true}]}}