{"id":18446,"date":"2024-02-14T16:36:44","date_gmt":"2024-02-14T19:36:44","guid":{"rendered":"https:\/\/dgospel.com.br\/portal\/?p=18446"},"modified":"2024-02-14T16:36:45","modified_gmt":"2024-02-14T19:36:45","slug":"maioria-dos-brasileiros-discorda-da-inelegibilidade-de-bolsonaro","status":"publish","type":"post","link":"https:\/\/dgospel.com.br\/portal\/index.php\/2024\/02\/14\/maioria-dos-brasileiros-discorda-da-inelegibilidade-de-bolsonaro\/","title":{"rendered":"Maioria dos brasileiros discorda da inelegibilidade de Bolsonaro"},"content":{"rendered":"\n<p>Um levantamento divulgado nesta ter\u00e7a-feira (13) pelo instituto Paran\u00e1 Pesquisas apontou que 48,4% dos brasileiros n\u00e3o concordam com as decis\u00f5es do Tribunal Superior Eleitoral (<a href=\"https:\/\/pleno.news\/tag\/tse\" target=\"_blank\" rel=\"noreferrer noopener\">TSE<\/a>) que deixaram o ex-presidente&nbsp;<a href=\"https:\/\/pleno.news\/tag\/jair-bolsonaro\" target=\"_blank\" rel=\"noreferrer noopener\">Jair Bolsonaro<\/a>&nbsp;(PL) ineleg\u00edvel. Por outro lado, 44,7% responderam que est\u00e3o de acordo, e 6,9% n\u00e3o souberam falar ou n\u00e3o opinaram.<\/p>\n\n\n\n<p>Aos eleitores, o instituto perguntou: \u201cO ex-presidente Jair Bolsonaro se tornou ineleg\u00edvel, ou seja, n\u00e3o poder\u00e1 se candidatar a nenhum cargo pol\u00edtico pelo per\u00edodo de oito anos a contar das elei\u00e7\u00f5es de 2022. O(A) sr(a) concorda ou discorda com essa decis\u00e3o?\u201d. No total, foram ouvidas 2.026 pessoas em 164 munic\u00edpios de todas as 27 unidades da Federa\u00e7\u00e3o. A margem de erro foi de 2,2 pontos percentuais.<\/p>\n\n\n\n<p>Na pesquisa, que foi realizada entre os dias 24 e 28 de janeiro deste ano, 55,7% do p\u00fablico masculino discordou das decis\u00f5es do TSE, contra 38,5% de concord\u00e2ncia. Entre o eleitorado feminino, o resultado foi o inverso, com 50,2% das eleitoras tendo aprovado a determina\u00e7\u00e3o da Corte Eleitoral, e 41,9% tendo optado por reprovar a decis\u00e3o.<\/p>\n\n\n\n<p>Na an\u00e1lise por faixa et\u00e1ria, o grupo entre 35 e 44 anos foi aquele que mais discordou do TSE, com 53,8%. A parcela com maior concord\u00e2ncia, por sua vez, foi a de eleitores com 60 anos ou mais, com 49,1%. No quesito escolaridade, aqueles com ensino m\u00e9dio foram os que mais reprovaram a defini\u00e7\u00e3o da Corte Eleitoral (51,5%), enquanto os eleitores com ensino fundamental foram os que mais concordaram (48,1%).<\/p>\n\n\n\n<p>O instituto tamb\u00e9m fez o recorte por religi\u00e3o, no qual foi constatado uma ampla discord\u00e2ncia da decis\u00e3o do TSE entre os evang\u00e9licos, com 58,3%. J\u00e1 entre aqueles sem religi\u00e3o, ou de outras religi\u00f5es que n\u00e3o a cat\u00f3lica ou evang\u00e9lica, foi registrado o maior \u00edndice de aceita\u00e7\u00e3o da decis\u00e3o que deixou Bolsonaro ineleg\u00edvel, com 49,1% do p\u00fablico a favor.<\/p>\n\n\n\n<p>Por fim, na an\u00e1lise por regi\u00f5es do pa\u00eds, o Sul liderou como a \u00e1rea em que os eleitores mais se opuseram ao que foi determinado pela Corte presidida por Alexandre de Moraes, com 59% dos entrevistados tendo respondido que n\u00e3o concordaram com a inelegibilidade de Bolsonaro. O Nordeste, por outro lado, foi a regi\u00e3o com a maior anu\u00eancia ao que foi decidido pelo TSE, com 51,4% de aprova\u00e7\u00e3o sobre a decis\u00e3o.<\/p>\n","protected":false},"excerpt":{"rendered":"<p>Um levantamento divulgado nesta ter\u00e7a-feira (13) pelo instituto Paran\u00e1 Pesquisas apontou que 48,4% dos brasileiros n\u00e3o concordam com as decis\u00f5es do Tribunal Superior Eleitoral (TSE) que deixaram o ex-presidente&nbsp;Jair Bolsonaro&nbsp;(PL) ineleg\u00edvel. Por outro lado, 44,7% responderam que est\u00e3o de acordo, e 6,9% n\u00e3o souberam falar ou n\u00e3o opinaram. Aos eleitores, o instituto perguntou: \u201cO ex-presidente [&hellip;]<\/p>\n","protected":false},"author":2,"featured_media":18447,"comment_status":"open","ping_status":"open","sticky":false,"template":"","format":"standard","meta":[],"categories":[4],"tags":[13],"_links":{"self":[{"href":"https:\/\/dgospel.com.br\/portal\/index.php\/wp-json\/wp\/v2\/posts\/18446"}],"collection":[{"href":"https:\/\/dgospel.com.br\/portal\/index.php\/wp-json\/wp\/v2\/posts"}],"about":[{"href":"https:\/\/dgospel.com.br\/portal\/index.php\/wp-json\/wp\/v2\/types\/post"}],"author":[{"embeddable":true,"href":"https:\/\/dgospel.com.br\/portal\/index.php\/wp-json\/wp\/v2\/users\/2"}],"replies":[{"embeddable":true,"href":"https:\/\/dgospel.com.br\/portal\/index.php\/wp-json\/wp\/v2\/comments?post=18446"}],"version-history":[{"count":1,"href":"https:\/\/dgospel.com.br\/portal\/index.php\/wp-json\/wp\/v2\/posts\/18446\/revisions"}],"predecessor-version":[{"id":18448,"href":"https:\/\/dgospel.com.br\/portal\/index.php\/wp-json\/wp\/v2\/posts\/18446\/revisions\/18448"}],"wp:featuredmedia":[{"embeddable":true,"href":"https:\/\/dgospel.com.br\/portal\/index.php\/wp-json\/wp\/v2\/media\/18447"}],"wp:attachment":[{"href":"https:\/\/dgospel.com.br\/portal\/index.php\/wp-json\/wp\/v2\/media?parent=18446"}],"wp:term":[{"taxonomy":"category","embeddable":true,"href":"https:\/\/dgospel.com.br\/portal\/index.php\/wp-json\/wp\/v2\/categories?post=18446"},{"taxonomy":"post_tag","embeddable":true,"href":"https:\/\/dgospel.com.br\/portal\/index.php\/wp-json\/wp\/v2\/tags?post=18446"}],"curies":[{"name":"wp","href":"https:\/\/api.w.org\/{rel}","templated":true}]}}