{"id":18452,"date":"2024-02-14T17:35:48","date_gmt":"2024-02-14T20:35:48","guid":{"rendered":"https:\/\/dgospel.com.br\/portal\/?p=18452"},"modified":"2024-02-14T17:35:50","modified_gmt":"2024-02-14T20:35:50","slug":"baby-do-brasil-diz-que-falou-do-apocalipse-no-carnaval-apos-ouvir-a-deus-eu-obedeci","status":"publish","type":"post","link":"https:\/\/dgospel.com.br\/portal\/index.php\/2024\/02\/14\/baby-do-brasil-diz-que-falou-do-apocalipse-no-carnaval-apos-ouvir-a-deus-eu-obedeci\/","title":{"rendered":"Baby do Brasil diz que falou do Apocalipse no carnaval ap\u00f3s ouvir a Deus: \u201cEu obedeci\u201d"},"content":{"rendered":"\n<p>Ap\u00f3s falar sobre o Apocalipse no \u00faltimo domingo (11), durante a abertura do Carnaval de Salvador, enquanto o trio el\u00e9trico de Ivete Sangalo passava,&nbsp;<a href=\"https:\/\/www.guiame.com.br\/tudo-sobre?tag=Baby+do+Brasil\"><strong>Baby do Brasil<\/strong>&nbsp;<\/a>gravou um v\u00eddeo explicando o ocorrido.<\/p>\n\n\n\n<p>O encontro entre Baby e Ivete viralizou nas redes sociais pelas declara\u00e7\u00f5es das cantoras sobre o Apocalipse.<\/p>\n\n\n\n<p>Em suas redes sociais, Baby contou que ouviu Deus mandar ela falar sobre o Apocalipse e o arrebatamento: \u201cDe repente, eu ouvi o Pai em meu ouvido direito dizer: \u2018Fala tudo\u2019. Eu tenho que obedecer e eu obedeci\u201d.<\/p>\n\n\n\n<p>\u201cO Apocalipse tem que acontecer, \u00e9 a \u00fanica maneira de Deus intervir porque os anjos ca\u00eddos j\u00e1 est\u00e3o aqui em baixo e j\u00e1 est\u00e1 virando zona\u201d, disse a cantora.<\/p>\n\n\n\n<p>\u201cD\u00ea ouvidos aos ap\u00f3stolos, d\u00ea ouvidos ao que est\u00e1 escrito. No tempo de No\u00e9 foi muito pior, mas n\u00f3s temos agora essa oportunidade. Se liga\u201d, acrescentou.<\/p>\n\n\n\n<p><strong>\u2018Apocalipse\u2019<\/strong><\/p>\n\n\n\n<p>Em v\u00eddeo publicado na \u00faltima segunda-feira (12), Baby aproveitou a oportunidade para esclarecer seu discurso.<\/p>\n\n\n\n<p>\u201cO alerta foi dado: \u2018Procure o Senhor enquanto \u00e9 poss\u00edvel ach\u00e1-lo\u2019. Porque no&nbsp;<a href=\"https:\/\/www.guiame.com.br\/busca?termo=arrebatamento\"><strong>arrebatamento&nbsp;<\/strong><\/a>o Esp\u00edrito Santo sair\u00e1 da Terra junto com todos os arrebatados. A tribula\u00e7\u00e3o que vai ficar aqui, est\u00e1 escrito, que nunca houve outra igual\u201d.&nbsp;<\/p>\n\n\n\n<p>Segundo ela, se o&nbsp;<strong>A<\/strong><a href=\"https:\/\/www.guiame.com.br\/busca?termo=apocalipse\"><strong>pocalipse&nbsp;<\/strong><\/a>acontecer nesta gera\u00e7\u00e3o, aqueles que s\u00e3o \u201cde Deus\u201d precisam ser arrebatados. Para aqueles que ainda n\u00e3o encontraram Jesus, Baby declarou:<\/p>\n\n\n\n<p>\u201c\u00c9 s\u00f3 declarar Jesus Cristo como seu \u00fanico e suficiente Senhor e Salvador e reconhecer que Ele \u00e9 o Filho de Deus\u201d.<\/p>\n\n\n\n<p>\u201cDeus est\u00e1 vivo e no controle de tudo, s\u00f3 precisamos nos reconectar com Ele atrav\u00e9s de seu filho o Cristo, Jesus\u201d, acrescentou.<\/p>\n\n\n\n<p><strong>Encontro em Salvador<\/strong><\/p>\n\n\n\n<p>Na ocasi\u00e3o, durante o Carnaval em Salvador, a artista de 71 anos fez uma previs\u00e3o sobre o Apocalipse: &#8220;Todos atentos porque n\u00f3s entramos em Apocalipse. O arrebatamento tem tudo para acontecer entre 5 e 10 anos. Procure o Senhor enquanto \u00e9 poss\u00edvel achar&#8221;.<\/p>\n\n\n\n<p>E Ivete respondeu: &#8220;Eu n\u00e3o vou deixar acontecer, porque n\u00e3o tem Apocalipse certo quando a gente maceta ele\u201d.<\/p>\n\n\n\n<p>A cantora fez refer\u00eancia a m\u00fasica chamada \u201cMacetando\u201d, que gravou em 2023. E continuou:<\/p>\n\n\n\n<p>\u201c\u00c9 o macetando de Jesus. A for\u00e7a de Deus \u00e9 maior que qualquer mandamento, do que qualquer energia. Porque ele \u00e9 a maior energia de todas. Eu vou cantar Macetando porque Deus est\u00e1 mandando&#8221;.<\/p>\n\n\n\n<p>No Instagram, Baby usou um texto de Mahatma Gandhi para explicar a situa\u00e7\u00e3o: \u201cDiverg\u00eancia de opini\u00e3o n\u00e3o \u00e9 motivo para brigas\u201d.<\/p>\n\n\n\n<p>E continuou: \u201cEu amo a Ivete, ela \u00e9 uma amiga antiga e Jesus a ama muito mais. Tudo o que aconteceu est\u00e1 na dire\u00e7\u00e3o de Deus\u201d.<\/p>\n\n\n\n<p>Baby concluiu dizendo: \u201cQueridos que Deus nos aben\u00e7oe e nos d\u00ea intelig\u00eancia e sensibilidade espiritual, para discernirmos e ouvirmos a sua maravilhosa voz\u201d.<\/p>\n\n\n\n<p><a href=\"https:\/\/www.instagram.com\/reel\/C3PtLCruJ3S\/?utm_source=ig_embed&amp;ig_rid=1b2439bf-e11c-43cf-86bf-7e79ee8c5041\">https:\/\/www.instagram.com\/reel\/C3PtLCruJ3S\/?utm_source=ig_embed&amp;ig_rid=1b2439bf-e11c-43cf-86bf-7e79ee8c5041<\/a><\/p>\n","protected":false},"excerpt":{"rendered":"<p>Ap\u00f3s falar sobre o Apocalipse no \u00faltimo domingo (11), durante a abertura do Carnaval de Salvador, enquanto o trio el\u00e9trico de Ivete Sangalo passava,&nbsp;Baby do Brasil&nbsp;gravou um v\u00eddeo explicando o ocorrido. O encontro entre Baby e Ivete viralizou nas redes sociais pelas declara\u00e7\u00f5es das cantoras sobre o Apocalipse. Em suas redes sociais, Baby contou que [&hellip;]<\/p>\n","protected":false},"author":2,"featured_media":18453,"comment_status":"open","ping_status":"open","sticky":false,"template":"","format":"standard","meta":[],"categories":[11,12,10],"tags":[],"_links":{"self":[{"href":"https:\/\/dgospel.com.br\/portal\/index.php\/wp-json\/wp\/v2\/posts\/18452"}],"collection":[{"href":"https:\/\/dgospel.com.br\/portal\/index.php\/wp-json\/wp\/v2\/posts"}],"about":[{"href":"https:\/\/dgospel.com.br\/portal\/index.php\/wp-json\/wp\/v2\/types\/post"}],"author":[{"embeddable":true,"href":"https:\/\/dgospel.com.br\/portal\/index.php\/wp-json\/wp\/v2\/users\/2"}],"replies":[{"embeddable":true,"href":"https:\/\/dgospel.com.br\/portal\/index.php\/wp-json\/wp\/v2\/comments?post=18452"}],"version-history":[{"count":1,"href":"https:\/\/dgospel.com.br\/portal\/index.php\/wp-json\/wp\/v2\/posts\/18452\/revisions"}],"predecessor-version":[{"id":18454,"href":"https:\/\/dgospel.com.br\/portal\/index.php\/wp-json\/wp\/v2\/posts\/18452\/revisions\/18454"}],"wp:featuredmedia":[{"embeddable":true,"href":"https:\/\/dgospel.com.br\/portal\/index.php\/wp-json\/wp\/v2\/media\/18453"}],"wp:attachment":[{"href":"https:\/\/dgospel.com.br\/portal\/index.php\/wp-json\/wp\/v2\/media?parent=18452"}],"wp:term":[{"taxonomy":"category","embeddable":true,"href":"https:\/\/dgospel.com.br\/portal\/index.php\/wp-json\/wp\/v2\/categories?post=18452"},{"taxonomy":"post_tag","embeddable":true,"href":"https:\/\/dgospel.com.br\/portal\/index.php\/wp-json\/wp\/v2\/tags?post=18452"}],"curies":[{"name":"wp","href":"https:\/\/api.w.org\/{rel}","templated":true}]}}