{"id":18458,"date":"2024-02-14T18:15:05","date_gmt":"2024-02-14T21:15:05","guid":{"rendered":"https:\/\/dgospel.com.br\/portal\/?p=18458"},"modified":"2024-02-14T18:15:07","modified_gmt":"2024-02-14T21:15:07","slug":"governador-wanderlei-barbosa-inaugura-obras-que-totalizam-r-212-milhoes-na-regiao-do-bico-do-papagaio","status":"publish","type":"post","link":"https:\/\/dgospel.com.br\/portal\/index.php\/2024\/02\/14\/governador-wanderlei-barbosa-inaugura-obras-que-totalizam-r-212-milhoes-na-regiao-do-bico-do-papagaio\/","title":{"rendered":"Governador Wanderlei Barbosa inaugura obras que totalizam R$ 21,2 milh\u00f5es na regi\u00e3o do Bico do Papagaio"},"content":{"rendered":"\n<p>O governador Wanderlei Barbosa visitar\u00e1 seis munic\u00edpios da regi\u00e3o do Bico do Papagaio, no extremo norte do Tocantins, nos pr\u00f3ximos dias 16, 17 e 18 de fevereiro. O gestor cumprir\u00e1 agenda de inaugura\u00e7\u00f5es e vistorias de obras da Ag\u00eancia de Transportes, Obras e Infraestrutura (Ageto), da Secretaria de Estado dos Esportes e Juventude (Seju) e da Secretaria de Estado da Educa\u00e7\u00e3o (Seduc), al\u00e9m de prestigiar eventos municipais. Todas as obras contam com recursos da ordem de R$ 21.200.000,00 oriundos do Governo do Estado.<br><br>Na sexta-feira, dia 16, Wanderlei Barbosa estar\u00e1 em Esperantina no per\u00edodo da manh\u00e3, inaugurando trecho da rodovia TO-126; j\u00e1 na parte da tarde, ele estar\u00e1 em Buriti do Tocantins, para inaugurar uma creche. No dia seguinte, s\u00e1bado, 17, o governador estar\u00e1 em Tocantin\u00f3polis inaugurando uma rodovia e visitando o povoado Chapadinha, a partir das 9h30; \u00e0 tarde, Wanderlei e equipe estar\u00e3o em Palmeiras para inaugurar um complexo esportivo.<\/p>\n\n\n\n<p>Para finalizar, no domingo, dia18, o l\u00edder do Executivo Estadual estar\u00e1 em Carrasco Bonito e em S\u00e3o Miguel do Tocantins para comemorar o anivers\u00e1rio das duas cidades. Na primeira, ele chegar\u00e1 pela manh\u00e3 e participar\u00e1 da tradicional Cavalgada do munic\u00edpio; na segunda, Wanderlei chegar\u00e1 no per\u00edodo da tarde, onde prestigiar\u00e1 o final do campeonato esportivo em comemora\u00e7\u00e3o ao anivers\u00e1rio de S\u00e3o Miguel do Tocantins.<\/p>\n\n\n\n<p>Wanderlei Barbosa estar\u00e1 acompanhado de parte do seu secretariado, al\u00e9m de lideran\u00e7as pol\u00edticas regionais.<\/p>\n","protected":false},"excerpt":{"rendered":"<p>O governador Wanderlei Barbosa visitar\u00e1 seis munic\u00edpios da regi\u00e3o do Bico do Papagaio, no extremo norte do Tocantins, nos pr\u00f3ximos dias 16, 17 e 18 de fevereiro. O gestor cumprir\u00e1 agenda de inaugura\u00e7\u00f5es e vistorias de obras da Ag\u00eancia de Transportes, Obras e Infraestrutura (Ageto), da Secretaria de Estado dos Esportes e Juventude (Seju) e [&hellip;]<\/p>\n","protected":false},"author":2,"featured_media":18459,"comment_status":"open","ping_status":"open","sticky":false,"template":"","format":"standard","meta":[],"categories":[3],"tags":[13],"_links":{"self":[{"href":"https:\/\/dgospel.com.br\/portal\/index.php\/wp-json\/wp\/v2\/posts\/18458"}],"collection":[{"href":"https:\/\/dgospel.com.br\/portal\/index.php\/wp-json\/wp\/v2\/posts"}],"about":[{"href":"https:\/\/dgospel.com.br\/portal\/index.php\/wp-json\/wp\/v2\/types\/post"}],"author":[{"embeddable":true,"href":"https:\/\/dgospel.com.br\/portal\/index.php\/wp-json\/wp\/v2\/users\/2"}],"replies":[{"embeddable":true,"href":"https:\/\/dgospel.com.br\/portal\/index.php\/wp-json\/wp\/v2\/comments?post=18458"}],"version-history":[{"count":1,"href":"https:\/\/dgospel.com.br\/portal\/index.php\/wp-json\/wp\/v2\/posts\/18458\/revisions"}],"predecessor-version":[{"id":18460,"href":"https:\/\/dgospel.com.br\/portal\/index.php\/wp-json\/wp\/v2\/posts\/18458\/revisions\/18460"}],"wp:featuredmedia":[{"embeddable":true,"href":"https:\/\/dgospel.com.br\/portal\/index.php\/wp-json\/wp\/v2\/media\/18459"}],"wp:attachment":[{"href":"https:\/\/dgospel.com.br\/portal\/index.php\/wp-json\/wp\/v2\/media?parent=18458"}],"wp:term":[{"taxonomy":"category","embeddable":true,"href":"https:\/\/dgospel.com.br\/portal\/index.php\/wp-json\/wp\/v2\/categories?post=18458"},{"taxonomy":"post_tag","embeddable":true,"href":"https:\/\/dgospel.com.br\/portal\/index.php\/wp-json\/wp\/v2\/tags?post=18458"}],"curies":[{"name":"wp","href":"https:\/\/api.w.org\/{rel}","templated":true}]}}