{"id":18464,"date":"2024-02-19T11:22:36","date_gmt":"2024-02-19T14:22:36","guid":{"rendered":"https:\/\/dgospel.com.br\/portal\/?p=18464"},"modified":"2024-02-19T11:22:38","modified_gmt":"2024-02-19T14:22:38","slug":"leo-barbosa-destina-r-350-mil-para-conclusao-da-reforma-da-unidade-de-saude-de-novo-acordo","status":"publish","type":"post","link":"https:\/\/dgospel.com.br\/portal\/index.php\/2024\/02\/19\/leo-barbosa-destina-r-350-mil-para-conclusao-da-reforma-da-unidade-de-saude-de-novo-acordo\/","title":{"rendered":"L\u00e9o Barbosa destina R$ 350 mil para conclus\u00e3o da reforma da Unidade de Sa\u00fade de Novo Acordo"},"content":{"rendered":"\n<p>Durante reuni\u00e3o com a prefeita de Novo Acordo, Deusany Batista, na tarde desta quinta-feira, 15, o deputado estadual L\u00e9o Barbosa (Republicanos) anunciou a destina\u00e7\u00e3o de uma emenda parlamentar no valor de R$350 mil reais para a conclus\u00e3o da reforma da Unidade de Sa\u00fade do munic\u00edpio.&nbsp;<\/p>\n\n\n\n<p>Em 2023, L\u00e9o j\u00e1 havia destinado R$ 300 mil reais para a obra e este ano ir\u00e1 atender a solicita\u00e7\u00e3o de mais recursos para que a reforma seja ampliada e conclu\u00edda em breve. &#8220;O objetivo \u00e9 viabilizar melhorias na unidade, para que ela tenha salas aptas para fazer pequenas cirurgias e um ambiente mais estruturado tanto para os pacientes quanto para os nossos profissionais da sa\u00fade&#8221;, ressaltou o parlamentar.<\/p>\n\n\n\n<p>Na ocasi\u00e3o, Barbosa tamb\u00e9m destacou a atua\u00e7\u00e3o da gestora em prol do munic\u00edpio e reafirmou a sua parceria em continuar contribuindo com o desenvolvimento de Novo Acordo. \u201cNo ano passado j\u00e1 destinamos emenda para que a prefeitura desse in\u00edcio \u00e0s obras e este ano a prefeita nos procurou para que pud\u00e9ssemos colocar mais recursos para a conclus\u00e3o. A prefeita Deusany tem se mostrado uma gestora competente e empenhada em entregar melhorias concretas para o munic\u00edpio e n\u00f3s assumimos este compromisso com a sa\u00fade de Novo Acordo\u201d, destacou L\u00e9o.<\/p>\n\n\n\n<p>Deusany, que esteve acompanhada pelos secret\u00e1rios municipais da Sa\u00fade e do Esporte, Darlan de Oliveira e T\u00falio Emanoel, agradeceu ao parlamentar pela destina\u00e7\u00e3o dos recursos e pelo trabalho desenvolvido em prol do munic\u00edpio. \u201cMais uma vez eu quero agradecer ao nosso deputado L\u00e9o Barbosa pelo seu&nbsp;empenho em ajudar o nosso munic\u00edpio, sobretudo nas \u00e1reas da sa\u00fade e do esporte, que fazem tanta diferen\u00e7a na qualidade de vida das pessoas\u201d, comentou.<\/p>\n","protected":false},"excerpt":{"rendered":"<p>Durante reuni\u00e3o com a prefeita de Novo Acordo, Deusany Batista, na tarde desta quinta-feira, 15, o deputado estadual L\u00e9o Barbosa (Republicanos) anunciou a destina\u00e7\u00e3o de uma emenda parlamentar no valor de R$350 mil reais para a conclus\u00e3o da reforma da Unidade de Sa\u00fade do munic\u00edpio.&nbsp; Em 2023, L\u00e9o j\u00e1 havia destinado R$ 300 mil reais [&hellip;]<\/p>\n","protected":false},"author":2,"featured_media":18465,"comment_status":"open","ping_status":"open","sticky":false,"template":"","format":"standard","meta":[],"categories":[8],"tags":[],"_links":{"self":[{"href":"https:\/\/dgospel.com.br\/portal\/index.php\/wp-json\/wp\/v2\/posts\/18464"}],"collection":[{"href":"https:\/\/dgospel.com.br\/portal\/index.php\/wp-json\/wp\/v2\/posts"}],"about":[{"href":"https:\/\/dgospel.com.br\/portal\/index.php\/wp-json\/wp\/v2\/types\/post"}],"author":[{"embeddable":true,"href":"https:\/\/dgospel.com.br\/portal\/index.php\/wp-json\/wp\/v2\/users\/2"}],"replies":[{"embeddable":true,"href":"https:\/\/dgospel.com.br\/portal\/index.php\/wp-json\/wp\/v2\/comments?post=18464"}],"version-history":[{"count":1,"href":"https:\/\/dgospel.com.br\/portal\/index.php\/wp-json\/wp\/v2\/posts\/18464\/revisions"}],"predecessor-version":[{"id":18466,"href":"https:\/\/dgospel.com.br\/portal\/index.php\/wp-json\/wp\/v2\/posts\/18464\/revisions\/18466"}],"wp:featuredmedia":[{"embeddable":true,"href":"https:\/\/dgospel.com.br\/portal\/index.php\/wp-json\/wp\/v2\/media\/18465"}],"wp:attachment":[{"href":"https:\/\/dgospel.com.br\/portal\/index.php\/wp-json\/wp\/v2\/media?parent=18464"}],"wp:term":[{"taxonomy":"category","embeddable":true,"href":"https:\/\/dgospel.com.br\/portal\/index.php\/wp-json\/wp\/v2\/categories?post=18464"},{"taxonomy":"post_tag","embeddable":true,"href":"https:\/\/dgospel.com.br\/portal\/index.php\/wp-json\/wp\/v2\/tags?post=18464"}],"curies":[{"name":"wp","href":"https:\/\/api.w.org\/{rel}","templated":true}]}}