{"id":18467,"date":"2024-02-19T11:34:05","date_gmt":"2024-02-19T14:34:05","guid":{"rendered":"https:\/\/dgospel.com.br\/portal\/?p=18467"},"modified":"2024-02-19T11:34:05","modified_gmt":"2024-02-19T14:34:05","slug":"repressao-a-igreja-na-nicaragua-causa-medo-entre-os-fieis","status":"publish","type":"post","link":"https:\/\/dgospel.com.br\/portal\/index.php\/2024\/02\/19\/repressao-a-igreja-na-nicaragua-causa-medo-entre-os-fieis\/","title":{"rendered":"Repress\u00e3o \u00e0 Igreja na Nicar\u00e1gua causa medo entre os fi\u00e9is"},"content":{"rendered":"\n<p>Dezenove padres expulsos do pa\u00eds, dezenas de incidentes de intimida\u00e7\u00e3o e profana\u00e7\u00e3o de igrejas, \u00e1reas rurais onde faltam servi\u00e7os sociais e de culto: a situa\u00e7\u00e3o dos fi\u00e9is e cl\u00e9rigos cat\u00f3licos na Nicar\u00e1gua tem piorado em 2024, segundo padres exilados, leigos do pa\u00eds da Am\u00e9rica Central e defensores dos direitos humanos.<\/p>\n\n\n\n<p>O medo da repress\u00e3o em curso pelo presidente Daniel Ortega, que atinge especialmente a Igreja Cat\u00f3lica mas n\u00e3o poupa denomina\u00e7\u00f5es evang\u00e9licas, tornou-se t\u00e3o difundido que est\u00e1 silenciando as cr\u00edticas ao governo autorit\u00e1rio vindas de cima do p\u00falpito, e at\u00e9 as men\u00e7\u00f5es \u00e0 opress\u00e3o.<\/p>\n\n\n\n<p>\u201cO sil\u00eancio fica cada vez mais profundo\u201d, disse Martha Patricia Molina, uma advogada nicaraguense que fugiu para os Estados Unidos. Seu trabalho registrando centenas de casos de persegui\u00e7\u00e3o \u00e0 Igreja recentemente lhe renderam um Pr\u00eamio Internacional de Liberdade Religiosa pelo Departamento de Estado dos EUA.<\/p>\n\n\n\n<p>\u2013 Se \u00e9 perigoso rezar um ter\u00e7o na rua, \u00e9 extremamente perigoso denunciar ataques. Muitos padres acreditam que, se denunciarem, haver\u00e1 mais repres\u00e1lias contra as comunidades. N\u00f3s, como leigos, gostar\u00edamos que eles se pronunciassem, mas as \u00fanicas alternativas s\u00e3o o cemit\u00e9rio, a pris\u00e3o, ou o ex\u00edlio \u2013 diz Molina.<\/p>\n\n\n\n<p>Ela relatou 30 profana\u00e7\u00f5es a igrejas no ano passado, apenas algumas delas relatadas \u00e0s autoridades. Recentemente, ouviu falar de um padre que procurou a pol\u00edcia ap\u00f3s a ocorr\u00eancia de um furto em sua igreja, e foi xingado e informado de que era um dos suspeitos.<\/p>\n\n\n\n<p>\u2013 A vida na Nicar\u00e1gua \u00e9 um inferno, porque a vigil\u00e2ncia \u00e9 brutal. Voc\u00ea n\u00e3o pode dizer nada contra o governo \u2013 conta um padre exilado. Como ele, a maioria dos exilados entrevistados para esta mat\u00e9ria falou \u00e0 Associated Press sob condi\u00e7\u00e3o de anonimato, por medo de repres\u00e1lias contra suas fam\u00edlias ou comunidades na Nicar\u00e1gua.<\/p>\n\n\n\n<p>O sacardote foi impedido de retornar \u00e0 Nicar\u00e1gua, onde atraiu a ira do governo, como muitos padres e freiras, por oferecer abrigo e primeiros socorros \u00e0s pessoas feridas quando o governo de Ortega reprimiu violentamente enormes protestos c\u00edvicos em 2018.<\/p>\n\n\n\n<p>A indigna\u00e7\u00e3o naquele momento, que come\u00e7ou contra uma proposta de cortes na seguridade social, foi se ampliando para exigir elei\u00e7\u00f5es antecipadas e acusar Ortega de medidas autorit\u00e1rias, ap\u00f3s centenas de manifestantes serem mortos pelas for\u00e7as policiais e grupos civis aliados.<\/p>\n\n\n\n<p>Como v\u00e1rios outros governos latino-americanos cujas origens remontam \u00e0s revolu\u00e7\u00f5es socialistas, a Nicar\u00e1gua tem uma rela\u00e7\u00e3o inst\u00e1vel com as lideran\u00e7as religiosas h\u00e1 d\u00e9cadas. Mas esses protestos desencadearam uma persegui\u00e7\u00e3o sistem\u00e1tica e crescente \u00e0 Igreja, que a Comiss\u00e3o de Liberdade Religiosa Internacional do governo dos EUA chama de \u201ccampanha de intimida\u00e7\u00e3o e persegui\u00e7\u00e3o intensa\u201d.<\/p>\n\n\n\n<p>Ortega e sua esposa, Rosario Murillo, que tamb\u00e9m \u00e9 a vice-presidente, culpam o clero \u201cterrorista\u201d por apoiar os protestos civis, que alegam serem equivalentes a planejar um golpe de estado contra eles. Cl\u00e9rigos e observadores leigos dizem que o governo est\u00e1 tentando reprimir a Igreja porque ela continua sendo uma das raras vozes cr\u00edticas na Nicar\u00e1gua que ousa se opor \u00e0 viol\u00eancia estatal e \u00e9 respeitada por muitos cidad\u00e3os.<\/p>\n\n\n\n<p>Em um pa\u00eds onde mais de 80% da popula\u00e7\u00e3o \u00e9 crist\u00e3, cerca de 50% de cat\u00f3licos e 30% de evang\u00e9licos, segundo a comiss\u00e3o de liberdade religiosa dos EUA, a repress\u00e3o causa efeitos profundos, espiritual e materialmente.<\/p>\n\n\n\n<p>Ela n\u00e3o atingiu apenas o clero e as ordens religiosas, mas estudantes universit\u00e1rios, popula\u00e7\u00f5es minorit\u00e1rias e marginalizadas, e at\u00e9 pequenos com\u00e9rcios nas cidades rurais, cuja subsist\u00eancia dependia das festas de santos e prociss\u00f5es religiosas, que agora foram quase todas proibidas ou acontecem em lugares fechados.<\/p>\n\n\n\n<p>Apesar do medo crescente, muitos fi\u00e9is continuam a frequentar as celebra\u00e7\u00f5es religiosas, onde elas continuam dispon\u00edveis. Especialmente na zona rural, par\u00f3quias e capelas ficaram sem padres, embora nos semin\u00e1rios ainda existam alunos, e alguns fi\u00e9is esperem que possam vir a substituir os que foram exilados ou obrigados a fugir.<\/p>\n\n\n\n<p>*AE<\/p>\n","protected":false},"excerpt":{"rendered":"<p>Dezenove padres expulsos do pa\u00eds, dezenas de incidentes de intimida\u00e7\u00e3o e profana\u00e7\u00e3o de igrejas, \u00e1reas rurais onde faltam servi\u00e7os sociais e de culto: a situa\u00e7\u00e3o dos fi\u00e9is e cl\u00e9rigos cat\u00f3licos na Nicar\u00e1gua tem piorado em 2024, segundo padres exilados, leigos do pa\u00eds da Am\u00e9rica Central e defensores dos direitos humanos. O medo da repress\u00e3o em [&hellip;]<\/p>\n","protected":false},"author":2,"featured_media":18468,"comment_status":"open","ping_status":"open","sticky":false,"template":"","format":"standard","meta":[],"categories":[11,12,16],"tags":[],"_links":{"self":[{"href":"https:\/\/dgospel.com.br\/portal\/index.php\/wp-json\/wp\/v2\/posts\/18467"}],"collection":[{"href":"https:\/\/dgospel.com.br\/portal\/index.php\/wp-json\/wp\/v2\/posts"}],"about":[{"href":"https:\/\/dgospel.com.br\/portal\/index.php\/wp-json\/wp\/v2\/types\/post"}],"author":[{"embeddable":true,"href":"https:\/\/dgospel.com.br\/portal\/index.php\/wp-json\/wp\/v2\/users\/2"}],"replies":[{"embeddable":true,"href":"https:\/\/dgospel.com.br\/portal\/index.php\/wp-json\/wp\/v2\/comments?post=18467"}],"version-history":[{"count":1,"href":"https:\/\/dgospel.com.br\/portal\/index.php\/wp-json\/wp\/v2\/posts\/18467\/revisions"}],"predecessor-version":[{"id":18469,"href":"https:\/\/dgospel.com.br\/portal\/index.php\/wp-json\/wp\/v2\/posts\/18467\/revisions\/18469"}],"wp:featuredmedia":[{"embeddable":true,"href":"https:\/\/dgospel.com.br\/portal\/index.php\/wp-json\/wp\/v2\/media\/18468"}],"wp:attachment":[{"href":"https:\/\/dgospel.com.br\/portal\/index.php\/wp-json\/wp\/v2\/media?parent=18467"}],"wp:term":[{"taxonomy":"category","embeddable":true,"href":"https:\/\/dgospel.com.br\/portal\/index.php\/wp-json\/wp\/v2\/categories?post=18467"},{"taxonomy":"post_tag","embeddable":true,"href":"https:\/\/dgospel.com.br\/portal\/index.php\/wp-json\/wp\/v2\/tags?post=18467"}],"curies":[{"name":"wp","href":"https:\/\/api.w.org\/{rel}","templated":true}]}}