{"id":18473,"date":"2024-02-19T11:53:23","date_gmt":"2024-02-19T14:53:23","guid":{"rendered":"https:\/\/dgospel.com.br\/portal\/?p=18473"},"modified":"2024-02-19T11:53:24","modified_gmt":"2024-02-19T14:53:24","slug":"malafaia-convoca-para-campanha-de-jejum-e-oracao-pelo-brasil","status":"publish","type":"post","link":"https:\/\/dgospel.com.br\/portal\/index.php\/2024\/02\/19\/malafaia-convoca-para-campanha-de-jejum-e-oracao-pelo-brasil\/","title":{"rendered":"Malafaia convoca para campanha de jejum e ora\u00e7\u00e3o pelo Brasil"},"content":{"rendered":"\n<p>O pastor Silas Malafaia convocou os crist\u00e3os de todo o Brasil para realizar uma campanha de jejum e ora\u00e7\u00e3o em favor do Brasil na pr\u00f3xima quinta-feira (22). O l\u00edder evang\u00e9lico sugere um jejum de meia-noite ao meio-dia em favor da na\u00e7\u00e3o brasileira.<\/p>\n\n\n\n<p>Idealizador do ato em favor do ex-presidente Jair Bolsonaro (PL), marcado para acontecer no dia 25 de fevereiro na Avenida Paulista, em S\u00e3o Paulo, Malafaia tamb\u00e9m convida os evang\u00e9licos a participarem do ato pol\u00edtico.<\/p>\n\n\n\n<p>\u2013 Quero convocar meus irm\u00e3os de S\u00e3o Paulo para estarem na Avenida Paulista, no dia 25, a partir das 15h. Vamos levantar um grande clamor em favor do Brasil \u2013 declarou.<\/p>\n\n\n\n<p>Pol\u00edticos de diversas partes do pa\u00eds est\u00e3o confirmando presen\u00e7a no ato que tem como objetivo defender o Estado Democr\u00e1tico de Direito. Senadores, deputados federais e governadores de diferentes partidos est\u00e3o na lista de autoridades confirmadas, entre eles o governador Tarc\u00edsio de Freitas (Republicanos), e o prefeito da capital paulista Ricardo Nunes (MDB).<\/p>\n\n\n\n<p><strong>Assista:<\/strong><\/p>\n\n\n\n<blockquote class=\"wp-block-quote\"><p>&nbsp;Ver essa foto no Instagram<\/p><p>&nbsp;<\/p><p><a href=\"https:\/\/www.instagram.com\/reel\/C3dCSMzsQCJ\/?utm_source=ig_embed&amp;utm_campaign=loading\" target=\"_blank\" rel=\"noreferrer noopener\">Uma publica\u00e7\u00e3o compartilhada por Pastor Silas Malafaia (@silasmalafaia)<\/a><\/p><\/blockquote>\n","protected":false},"excerpt":{"rendered":"<p>O pastor Silas Malafaia convocou os crist\u00e3os de todo o Brasil para realizar uma campanha de jejum e ora\u00e7\u00e3o em favor do Brasil na pr\u00f3xima quinta-feira (22). O l\u00edder evang\u00e9lico sugere um jejum de meia-noite ao meio-dia em favor da na\u00e7\u00e3o brasileira. Idealizador do ato em favor do ex-presidente Jair Bolsonaro (PL), marcado para acontecer [&hellip;]<\/p>\n","protected":false},"author":2,"featured_media":18474,"comment_status":"open","ping_status":"open","sticky":false,"template":"","format":"standard","meta":[],"categories":[11,12,5],"tags":[],"_links":{"self":[{"href":"https:\/\/dgospel.com.br\/portal\/index.php\/wp-json\/wp\/v2\/posts\/18473"}],"collection":[{"href":"https:\/\/dgospel.com.br\/portal\/index.php\/wp-json\/wp\/v2\/posts"}],"about":[{"href":"https:\/\/dgospel.com.br\/portal\/index.php\/wp-json\/wp\/v2\/types\/post"}],"author":[{"embeddable":true,"href":"https:\/\/dgospel.com.br\/portal\/index.php\/wp-json\/wp\/v2\/users\/2"}],"replies":[{"embeddable":true,"href":"https:\/\/dgospel.com.br\/portal\/index.php\/wp-json\/wp\/v2\/comments?post=18473"}],"version-history":[{"count":1,"href":"https:\/\/dgospel.com.br\/portal\/index.php\/wp-json\/wp\/v2\/posts\/18473\/revisions"}],"predecessor-version":[{"id":18475,"href":"https:\/\/dgospel.com.br\/portal\/index.php\/wp-json\/wp\/v2\/posts\/18473\/revisions\/18475"}],"wp:featuredmedia":[{"embeddable":true,"href":"https:\/\/dgospel.com.br\/portal\/index.php\/wp-json\/wp\/v2\/media\/18474"}],"wp:attachment":[{"href":"https:\/\/dgospel.com.br\/portal\/index.php\/wp-json\/wp\/v2\/media?parent=18473"}],"wp:term":[{"taxonomy":"category","embeddable":true,"href":"https:\/\/dgospel.com.br\/portal\/index.php\/wp-json\/wp\/v2\/categories?post=18473"},{"taxonomy":"post_tag","embeddable":true,"href":"https:\/\/dgospel.com.br\/portal\/index.php\/wp-json\/wp\/v2\/tags?post=18473"}],"curies":[{"name":"wp","href":"https:\/\/api.w.org\/{rel}","templated":true}]}}