{"id":18476,"date":"2024-02-19T12:02:19","date_gmt":"2024-02-19T15:02:19","guid":{"rendered":"https:\/\/dgospel.com.br\/portal\/?p=18476"},"modified":"2024-02-19T12:02:20","modified_gmt":"2024-02-19T15:02:20","slug":"justica-obriga-receita-federal-a-remover-nome-da-mae-do-cpf","status":"publish","type":"post","link":"https:\/\/dgospel.com.br\/portal\/index.php\/2024\/02\/19\/justica-obriga-receita-federal-a-remover-nome-da-mae-do-cpf\/","title":{"rendered":"Justi\u00e7a obriga Receita Federal a remover \u201cnome da m\u00e3e\u201d do CPF"},"content":{"rendered":"\n<p>A Justi\u00e7a Federal de Curitiba, no Paran\u00e1, ordenou que a Receita Federal remova dos formul\u00e1rios de cadastramento e retifica\u00e7\u00e3o do CPF o campo \u201cnome da m\u00e3e\u201d e troque por \u201cfilia\u00e7\u00e3o\u201d. A determina\u00e7\u00e3o atende a uma a\u00e7\u00e3o civil movida por entidades de defesa da diversidade sexual e de g\u00eanero, assim como representantes da comunidade LGBTQIAPN+.<\/p>\n\n\n\n<p>A decis\u00e3o partiu da ju\u00edza federal Anne Karina Stipp Amador Costa, da 5\u00aa Vara Federal de Curitiba, que reconheceu multiplicidade de arranjos familiares e identidades de g\u00eanero, incluindo a condi\u00e7\u00e3o de intersexualidade.<\/p>\n\n\n\n<p>No julgamento, ela deu um prazo de 180 dias para que a Receita Federal possa realizar as adapta\u00e7\u00f5es nos formul\u00e1rios de cadastro e retifica\u00e7\u00e3o do CPF, seja de forma presencial ou online. Cabe recurso.<\/p>\n\n\n\n<p>A magistrada citou uma decis\u00e3o do Supremo Tribunal Federal (STF) que reconheceu a uni\u00e3o homoafetiva como um n\u00facleo familiar, exigindo tratamento equivalente ao dado \u00e0s fam\u00edlias heteroafetivas.<\/p>\n\n\n\n<p>Anne Karina Stipp Amador Costa tamb\u00e9m citou que a mudan\u00e7a visa respeitar a dignidade humana, reconhecendo a diversidade de arranjos familiares e identidades de g\u00eanero, assim como a condi\u00e7\u00e3o de intersexualidade, em conformidade com os direitos fundamentais de personalidade, igualdade, liberdade e autodetermina\u00e7\u00e3o.<\/p>\n\n\n\n<p>Outro pedido feito pelos grupos \u00e9 a inclus\u00e3o das op\u00e7\u00f5es \u201cn\u00e3o especificado\u201d, \u201cn\u00e3o bin\u00e1rio\u201d e \u201cintersexo\u201d dentro do campo \u201csexo\u201d, no qual o cidad\u00e3o se declara homem ou mulher.<\/p>\n\n\n\n<p>Os autores da a\u00e7\u00e3o declaram que a retirada da op\u00e7\u00e3o de inserir o nome da m\u00e3e \u201crepresenta um avan\u00e7o na prote\u00e7\u00e3o dos direitos das fam\u00edlias com parentalidade homotransafetiva\u201d. A cr\u00edtica dos grupos \u00e9 que a palavra \u201cm\u00e3e\u201d reflete \u201d uma l\u00f3gica de ideologia de g\u00eanero heterocisnormativa\u201d, excluindo fam\u00edlias nas quais n\u00e3o h\u00e1 a presen\u00e7a da mulher, como casos de filhos de casais gays.<\/p>\n\n\n\n<p>Assinam a a\u00e7\u00e3o civil a Alian\u00e7a Nacional LGBTI+, Grupo Dignidade, Associa\u00e7\u00e3o Brasileira de Fam\u00edlias Homotransafetivas (Abrafh), Associa\u00e7\u00e3o Brasileira Intersexos (Abrai), Centro de Acolhida e Cultura Casa 1, Articula\u00e7\u00e3o Nacional das Transg\u00eaneros (Antra), Defensoria P\u00fablica da Uni\u00e3o (DPU) e Minist\u00e9rio P\u00fablico Federal (MPF), com a Associa\u00e7\u00e3o Nacional de Juristas pelos Direitos Humanos de L\u00e9sbicas, Gays, Bissexuais, Travestis, Transexuais, Transg\u00eaneros e Intersexuais (Anajudh) atuando como Amicus Curiae.<\/p>\n","protected":false},"excerpt":{"rendered":"<p>A Justi\u00e7a Federal de Curitiba, no Paran\u00e1, ordenou que a Receita Federal remova dos formul\u00e1rios de cadastramento e retifica\u00e7\u00e3o do CPF o campo \u201cnome da m\u00e3e\u201d e troque por \u201cfilia\u00e7\u00e3o\u201d. A determina\u00e7\u00e3o atende a uma a\u00e7\u00e3o civil movida por entidades de defesa da diversidade sexual e de g\u00eanero, assim como representantes da comunidade LGBTQIAPN+. A [&hellip;]<\/p>\n","protected":false},"author":2,"featured_media":18477,"comment_status":"open","ping_status":"open","sticky":false,"template":"","format":"standard","meta":[],"categories":[11,12,10],"tags":[],"_links":{"self":[{"href":"https:\/\/dgospel.com.br\/portal\/index.php\/wp-json\/wp\/v2\/posts\/18476"}],"collection":[{"href":"https:\/\/dgospel.com.br\/portal\/index.php\/wp-json\/wp\/v2\/posts"}],"about":[{"href":"https:\/\/dgospel.com.br\/portal\/index.php\/wp-json\/wp\/v2\/types\/post"}],"author":[{"embeddable":true,"href":"https:\/\/dgospel.com.br\/portal\/index.php\/wp-json\/wp\/v2\/users\/2"}],"replies":[{"embeddable":true,"href":"https:\/\/dgospel.com.br\/portal\/index.php\/wp-json\/wp\/v2\/comments?post=18476"}],"version-history":[{"count":1,"href":"https:\/\/dgospel.com.br\/portal\/index.php\/wp-json\/wp\/v2\/posts\/18476\/revisions"}],"predecessor-version":[{"id":18478,"href":"https:\/\/dgospel.com.br\/portal\/index.php\/wp-json\/wp\/v2\/posts\/18476\/revisions\/18478"}],"wp:featuredmedia":[{"embeddable":true,"href":"https:\/\/dgospel.com.br\/portal\/index.php\/wp-json\/wp\/v2\/media\/18477"}],"wp:attachment":[{"href":"https:\/\/dgospel.com.br\/portal\/index.php\/wp-json\/wp\/v2\/media?parent=18476"}],"wp:term":[{"taxonomy":"category","embeddable":true,"href":"https:\/\/dgospel.com.br\/portal\/index.php\/wp-json\/wp\/v2\/categories?post=18476"},{"taxonomy":"post_tag","embeddable":true,"href":"https:\/\/dgospel.com.br\/portal\/index.php\/wp-json\/wp\/v2\/tags?post=18476"}],"curies":[{"name":"wp","href":"https:\/\/api.w.org\/{rel}","templated":true}]}}