{"id":18479,"date":"2024-02-19T12:07:33","date_gmt":"2024-02-19T15:07:33","guid":{"rendered":"https:\/\/dgospel.com.br\/portal\/?p=18479"},"modified":"2024-02-19T12:07:34","modified_gmt":"2024-02-19T15:07:34","slug":"lula-compara-acao-de-israel-em-gaza-a-de-adolf-hitler","status":"publish","type":"post","link":"https:\/\/dgospel.com.br\/portal\/index.php\/2024\/02\/19\/lula-compara-acao-de-israel-em-gaza-a-de-adolf-hitler\/","title":{"rendered":"Lula compara a\u00e7\u00e3o de Israel em Gaza \u00e0 de Adolf Hitler"},"content":{"rendered":"\n<p>Neste domingo (18), o presidente Luiz In\u00e1cio Lula da Silva (PT) disse que as a\u00e7\u00f5es militares de Israel na Faixa de Gaza configuram um genoc\u00eddio. Ele comparou a resposta israelense ao que Adolf Hitler fez com os judeus. As informa\u00e7\u00f5es s\u00e3o da Folha de S. Paulo.<\/p>\n\n\n\n<p>\u2013 Sabe, o que est\u00e1 acontecendo na Faixa de Gaza com o povo palestino, n\u00e3o existe em nenhum outro momento hist\u00f3rico. Ali\u00e1s, existiu quando Hitler resolveu matar os judeus \u2013 declarou o petista.<\/p>\n\n\n\n<p>O coment\u00e1rio foi feito durante uma entrevista que Lula concedeu a jornalistas no hotel onde est\u00e1 hospedado, em Adis Abeba, Eti\u00f3pia.<\/p>\n","protected":false},"excerpt":{"rendered":"<p>Neste domingo (18), o presidente Luiz In\u00e1cio Lula da Silva (PT) disse que as a\u00e7\u00f5es militares de Israel na Faixa de Gaza configuram um genoc\u00eddio. Ele comparou a resposta israelense ao que Adolf Hitler fez com os judeus. As informa\u00e7\u00f5es s\u00e3o da Folha de S. Paulo. \u2013 Sabe, o que est\u00e1 acontecendo na Faixa de [&hellip;]<\/p>\n","protected":false},"author":2,"featured_media":18480,"comment_status":"open","ping_status":"open","sticky":false,"template":"","format":"standard","meta":[],"categories":[4],"tags":[13],"_links":{"self":[{"href":"https:\/\/dgospel.com.br\/portal\/index.php\/wp-json\/wp\/v2\/posts\/18479"}],"collection":[{"href":"https:\/\/dgospel.com.br\/portal\/index.php\/wp-json\/wp\/v2\/posts"}],"about":[{"href":"https:\/\/dgospel.com.br\/portal\/index.php\/wp-json\/wp\/v2\/types\/post"}],"author":[{"embeddable":true,"href":"https:\/\/dgospel.com.br\/portal\/index.php\/wp-json\/wp\/v2\/users\/2"}],"replies":[{"embeddable":true,"href":"https:\/\/dgospel.com.br\/portal\/index.php\/wp-json\/wp\/v2\/comments?post=18479"}],"version-history":[{"count":1,"href":"https:\/\/dgospel.com.br\/portal\/index.php\/wp-json\/wp\/v2\/posts\/18479\/revisions"}],"predecessor-version":[{"id":18481,"href":"https:\/\/dgospel.com.br\/portal\/index.php\/wp-json\/wp\/v2\/posts\/18479\/revisions\/18481"}],"wp:featuredmedia":[{"embeddable":true,"href":"https:\/\/dgospel.com.br\/portal\/index.php\/wp-json\/wp\/v2\/media\/18480"}],"wp:attachment":[{"href":"https:\/\/dgospel.com.br\/portal\/index.php\/wp-json\/wp\/v2\/media?parent=18479"}],"wp:term":[{"taxonomy":"category","embeddable":true,"href":"https:\/\/dgospel.com.br\/portal\/index.php\/wp-json\/wp\/v2\/categories?post=18479"},{"taxonomy":"post_tag","embeddable":true,"href":"https:\/\/dgospel.com.br\/portal\/index.php\/wp-json\/wp\/v2\/tags?post=18479"}],"curies":[{"name":"wp","href":"https:\/\/api.w.org\/{rel}","templated":true}]}}