{"id":18482,"date":"2024-02-19T12:11:54","date_gmt":"2024-02-19T15:11:54","guid":{"rendered":"https:\/\/dgospel.com.br\/portal\/?p=18482"},"modified":"2024-02-19T12:11:55","modified_gmt":"2024-02-19T15:11:55","slug":"presidente-do-grupo-parlamentar-brasil-israel-critica-lula","status":"publish","type":"post","link":"https:\/\/dgospel.com.br\/portal\/index.php\/2024\/02\/19\/presidente-do-grupo-parlamentar-brasil-israel-critica-lula\/","title":{"rendered":"Presidente do Grupo Parlamentar Brasil-Israel critica Lula"},"content":{"rendered":"\n<p>O presidente do Grupo Parlamentar Brasil-Israel, senador Carlos Viana (Podemos-MG), fez dois pronunciamentos cr\u00edticos ao presidente Luiz In\u00e1cio Lula da Silva (PT) neste final de semana. O primeiro deles se refere \u00e0 doa\u00e7\u00e3o de dinheiro para a Ag\u00eancia de Assist\u00eancia de Refugiados Palestinos (UNRWA), da ONU, grupo conhecido por financiar a\u00e7\u00f5es do Hamas.<\/p>\n\n\n\n<p>\u2013 J\u00e1 est\u00e1 mais do que provado e s\u00f3 o presidente Lula parece que n\u00e3o sabe que todo dinheiro doado pelo mundo que chegou para o Hamas foi usado para o terrorismo \u2013 disse o parlamentar mineiro.<\/p>\n\n\n\n<p>Viana cita que os recursos financeiros que chegam ao grupo terrorista servem para a constru\u00e7\u00e3o de t\u00faneis, compra de armas, constru\u00e7\u00e3o de foguetes e para o planejamento de atos como o ocorrido em 7 de outubro, quando mais de 1,2 mil pessoas foram mortas em Israel e mais de 250 foram levados como ref\u00e9ns.<\/p>\n\n\n\n<p>\u2013 O Brasil est\u00e1 se unindo e mantendo um discurso que, infelizmente, nos coloca junto com as na\u00e7\u00f5es menores, fora do desenvolvimento. O presidente Lula est\u00e1 muito mal orientado pelo chanceler Celso Amorim que tem liga\u00e7\u00f5es particulares com o Ir\u00e3. O Brasil est\u00e1 na contram\u00e3o diplom\u00e1tica \u2013 disse.<\/p>\n\n\n\n<p>A segunda cr\u00edtica do senador Carlos Viana contra Lula \u00e9 referente \u00e0 declara\u00e7\u00e3o contra Israel dada por ele neste domingo (15), quando o petista comparou os ataques de Israel em Gaza com o holocausto nazista.<\/p>\n\n\n\n<p>\u2013 Sabe, o que est\u00e1 acontecendo na Faixa de Gaza com o povo palestino, n\u00e3o existe em nenhum outro momento hist\u00f3rico. Ali\u00e1s, existiu quando Hitler resolveu matar os judeus \u2013 declarou Lula.<\/p>\n\n\n\n<p>Sobre esta fala, o parlamentar respondeu:<\/p>\n\n\n\n<p>\u2013 Al\u00e9m de n\u00e3o ter mais credibilidade no mundo diplom\u00e1tico, Lula agora mostra que n\u00e3o tem equil\u00edbrio e conhecimento suficientes para presidir um Brasil negociador de um acordo de paz. \u00c9 tendenciosa e desonesta a compara\u00e7\u00e3o entre Hitler e as a\u00e7\u00f5es contra os terroristas do Hamas.<\/p>\n","protected":false},"excerpt":{"rendered":"<p>O presidente do Grupo Parlamentar Brasil-Israel, senador Carlos Viana (Podemos-MG), fez dois pronunciamentos cr\u00edticos ao presidente Luiz In\u00e1cio Lula da Silva (PT) neste final de semana. O primeiro deles se refere \u00e0 doa\u00e7\u00e3o de dinheiro para a Ag\u00eancia de Assist\u00eancia de Refugiados Palestinos (UNRWA), da ONU, grupo conhecido por financiar a\u00e7\u00f5es do Hamas. \u2013 J\u00e1 [&hellip;]<\/p>\n","protected":false},"author":2,"featured_media":18483,"comment_status":"open","ping_status":"open","sticky":false,"template":"","format":"standard","meta":[],"categories":[8],"tags":[],"_links":{"self":[{"href":"https:\/\/dgospel.com.br\/portal\/index.php\/wp-json\/wp\/v2\/posts\/18482"}],"collection":[{"href":"https:\/\/dgospel.com.br\/portal\/index.php\/wp-json\/wp\/v2\/posts"}],"about":[{"href":"https:\/\/dgospel.com.br\/portal\/index.php\/wp-json\/wp\/v2\/types\/post"}],"author":[{"embeddable":true,"href":"https:\/\/dgospel.com.br\/portal\/index.php\/wp-json\/wp\/v2\/users\/2"}],"replies":[{"embeddable":true,"href":"https:\/\/dgospel.com.br\/portal\/index.php\/wp-json\/wp\/v2\/comments?post=18482"}],"version-history":[{"count":1,"href":"https:\/\/dgospel.com.br\/portal\/index.php\/wp-json\/wp\/v2\/posts\/18482\/revisions"}],"predecessor-version":[{"id":18484,"href":"https:\/\/dgospel.com.br\/portal\/index.php\/wp-json\/wp\/v2\/posts\/18482\/revisions\/18484"}],"wp:featuredmedia":[{"embeddable":true,"href":"https:\/\/dgospel.com.br\/portal\/index.php\/wp-json\/wp\/v2\/media\/18483"}],"wp:attachment":[{"href":"https:\/\/dgospel.com.br\/portal\/index.php\/wp-json\/wp\/v2\/media?parent=18482"}],"wp:term":[{"taxonomy":"category","embeddable":true,"href":"https:\/\/dgospel.com.br\/portal\/index.php\/wp-json\/wp\/v2\/categories?post=18482"},{"taxonomy":"post_tag","embeddable":true,"href":"https:\/\/dgospel.com.br\/portal\/index.php\/wp-json\/wp\/v2\/tags?post=18482"}],"curies":[{"name":"wp","href":"https:\/\/api.w.org\/{rel}","templated":true}]}}