{"id":18485,"date":"2024-02-19T12:18:36","date_gmt":"2024-02-19T15:18:36","guid":{"rendered":"https:\/\/dgospel.com.br\/portal\/?p=18485"},"modified":"2024-02-19T12:18:37","modified_gmt":"2024-02-19T15:18:37","slug":"grupo-terrorista-hamas-agradece-lula-por-chamar-israel-de-genocida","status":"publish","type":"post","link":"https:\/\/dgospel.com.br\/portal\/index.php\/2024\/02\/19\/grupo-terrorista-hamas-agradece-lula-por-chamar-israel-de-genocida\/","title":{"rendered":"Grupo terrorista Hamas agradece Lula por chamar Israel de genocida"},"content":{"rendered":"\n<p>O grupo terrorista Hamas publicou uma nota agradecendo o presidente brasileiro por se colocar contra Israel e comparar o ataque na Faixa de Gaza com o holocausto nazista.<\/p>\n\n\n\n<p>Pelo X, antigo Twitter, o grupo palestino disse que a fala de Lula representa o sentimento que o seu povo enfrenta nos \u00faltimos meses.<\/p>\n\n\n\n<p>\u2013 N\u00f3s do Movimento Resist\u00eancia Isl\u00e2mica (Hamas) agradecemos a declara\u00e7\u00e3o feita pelo presidente brasileiro Lula da Silva, que descreveu o que nosso povo palestino enfrenta na Faixa de Gaza como um Holocausto e que as a\u00e7\u00f5es dos sionistas hoje em Gaza s\u00e3o as mesmas que Hitler fez com os judeus durante a Segunda Guerra Mundial \u2013 diz a nota.<\/p>\n\n\n\n<p>Os terroristas tamb\u00e9m pedem que a Corte Internacional de Justi\u00e7a leve em considera\u00e7\u00e3o a declara\u00e7\u00e3o do presidente brasileiro para condenar Israel na a\u00e7\u00e3o movida pela \u00c1frica do Sul, acusando Tel Aviv de genoc\u00eddio.<\/p>\n\n\n\n<p>Neste domingo (18), o presidente brasileiro disse que as a\u00e7\u00f5es militares de Israel na Faixa de Gaza configuram um genoc\u00eddio.<\/p>\n\n\n\n<p>\u2013 Sabe, o que est\u00e1 acontecendo na Faixa de Gaza com o povo palestino, n\u00e3o existe em nenhum outro momento hist\u00f3rico. Ali\u00e1s, existiu quando Hitler resolveu matar os judeus \u2013 declarou o petista.<\/p>\n\n\n\n<p>O coment\u00e1rio foi feito durante uma entrevista que Lula concedeu a jornalistas no hotel onde est\u00e1 hospedado, em Adis Abeba, Eti\u00f3pia, e gerou uma rea\u00e7\u00e3o imediata de aliados de Israel.<\/p>\n\n\n\n<p>O primeiro-ministro israelense, Benjamin Netanyahu, disse que as palavras do l\u00edder brasileiro s\u00e3o \u201cvergonhas e graves\u201d e a compara\u00e7\u00e3o \u201ccruza uma linha vermelha\u201d. O pol\u00edtico tamb\u00e9m reafirma o direito de Israel de se defender ap\u00f3s o ataque terrorista do Hamas.<\/p>\n\n\n\n<p>O ministro das Rela\u00e7\u00f5es Exteriores de Israel, Israel Katz, considerou a fala do petista como \u201cvergonhosas e graves\u201d e informou que o embaixador brasileiro em Israel ser\u00e1 chamado para uma repreens\u00e3o nesta segunda-feira (19).<\/p>\n\n\n\n<p>\u2013 As palavras do presidente do Brasil s\u00e3o vergonhosas e graves. Ningu\u00e9m prejudicar\u00e1 o direito de Israel se defender. Ordenei ao pessoal do meu gabinete que convoque o embaixador brasileiro para uma chamada de repreens\u00e3o amanh\u00e3 \u2013 escreveu o ministro israelense.<\/p>\n","protected":false},"excerpt":{"rendered":"<p>O grupo terrorista Hamas publicou uma nota agradecendo o presidente brasileiro por se colocar contra Israel e comparar o ataque na Faixa de Gaza com o holocausto nazista. Pelo X, antigo Twitter, o grupo palestino disse que a fala de Lula representa o sentimento que o seu povo enfrenta nos \u00faltimos meses. \u2013 N\u00f3s do [&hellip;]<\/p>\n","protected":false},"author":2,"featured_media":18486,"comment_status":"open","ping_status":"open","sticky":false,"template":"","format":"standard","meta":[],"categories":[11,12,16],"tags":[],"_links":{"self":[{"href":"https:\/\/dgospel.com.br\/portal\/index.php\/wp-json\/wp\/v2\/posts\/18485"}],"collection":[{"href":"https:\/\/dgospel.com.br\/portal\/index.php\/wp-json\/wp\/v2\/posts"}],"about":[{"href":"https:\/\/dgospel.com.br\/portal\/index.php\/wp-json\/wp\/v2\/types\/post"}],"author":[{"embeddable":true,"href":"https:\/\/dgospel.com.br\/portal\/index.php\/wp-json\/wp\/v2\/users\/2"}],"replies":[{"embeddable":true,"href":"https:\/\/dgospel.com.br\/portal\/index.php\/wp-json\/wp\/v2\/comments?post=18485"}],"version-history":[{"count":1,"href":"https:\/\/dgospel.com.br\/portal\/index.php\/wp-json\/wp\/v2\/posts\/18485\/revisions"}],"predecessor-version":[{"id":18487,"href":"https:\/\/dgospel.com.br\/portal\/index.php\/wp-json\/wp\/v2\/posts\/18485\/revisions\/18487"}],"wp:featuredmedia":[{"embeddable":true,"href":"https:\/\/dgospel.com.br\/portal\/index.php\/wp-json\/wp\/v2\/media\/18486"}],"wp:attachment":[{"href":"https:\/\/dgospel.com.br\/portal\/index.php\/wp-json\/wp\/v2\/media?parent=18485"}],"wp:term":[{"taxonomy":"category","embeddable":true,"href":"https:\/\/dgospel.com.br\/portal\/index.php\/wp-json\/wp\/v2\/categories?post=18485"},{"taxonomy":"post_tag","embeddable":true,"href":"https:\/\/dgospel.com.br\/portal\/index.php\/wp-json\/wp\/v2\/tags?post=18485"}],"curies":[{"name":"wp","href":"https:\/\/api.w.org\/{rel}","templated":true}]}}