{"id":18488,"date":"2024-02-19T12:22:52","date_gmt":"2024-02-19T15:22:52","guid":{"rendered":"https:\/\/dgospel.com.br\/portal\/?p=18488"},"modified":"2024-02-19T12:22:54","modified_gmt":"2024-02-19T15:22:54","slug":"governo-de-israel-declara-lula-como-persona-non-grata","status":"publish","type":"post","link":"https:\/\/dgospel.com.br\/portal\/index.php\/2024\/02\/19\/governo-de-israel-declara-lula-como-persona-non-grata\/","title":{"rendered":"Governo de Israel declara Lula como \u201cpersona non grata\u201d"},"content":{"rendered":"\n<p>O ministro das Rela\u00e7\u00f5es Exteriores de Israel, Israel Katz, afirmou, nesta segunda-feira (19), que o presidente do Brasil,&nbsp;<a href=\"http:\/\/pleno.news\/tag\/lula\" target=\"_blank\" rel=\"noreferrer noopener\">Luiz In\u00e1cio Lula da Silva<\/a>&nbsp;(PT), \u00e9 considerado persona non grata em Israel at\u00e9 que ele se desculpe pelas declara\u00e7\u00f5es em que comparou a ofensiva israelense na Faixa de Gaza ao exterm\u00ednio de judeus feito pelos nazistas. O an\u00fancio foi feito no Museu do Holocausto, em Jerusal\u00e9m, na presen\u00e7a do embaixador do Brasil em Israel, Frederico Meyer.<\/p>\n\n\n\n<p>\u2013 Esta manh\u00e3 eu convidei o embaixador brasileiro em Israel para as proximidades do Yad Vashem, o Museu do Holocausto, que mostra mais do que qualquer coisa o que os nazistas e Hitler fizeram com os judeus, incluindo com membros da minha fam\u00edlia. A compara\u00e7\u00e3o do presidente Lula entre a justa guerra de Israel contra o Hamas e as a\u00e7\u00f5es de Hitler e dos nazistas, que mataram 6 milh\u00f5es de judeus e um s\u00e9rio ataque antissemita que desrespeita a mem\u00f3ria daqueles que morreram no Holocausto. N\u00e3o vamos perdoar e nem esquecer, em nome dos cidad\u00e3os de Israel, eu informei o presidente Lula que ele n\u00e3o \u00e9 bem-vindo em Israel at\u00e9 que ele se desculpe e retrate suas palavras \u2013 apontou Katz, em uma publica\u00e7\u00e3o na rede social X.<\/p>\n\n\n\n<p>Neste domingo (18), o primeiro-ministro de Israel, Benjamin Netanyahu, j\u00e1 havia criticado as declara\u00e7\u00f5es de Lula. Ele afirmou que Tel Aviv iria convocar o embaixador brasileiro para uma conversa de repreens\u00e3o.<\/p>\n\n\n\n<p>\u2013 Comparar Israel ao Holocausto nazista e Hitler \u00e9 cruzar uma linha vermelha. As palavras do presidente do Brasil s\u00e3o vergonhosas e s\u00e9rias. S\u00e3o sobre banalizar o Holocausto e tentar ferir o povo judeu e o direito israelense de se defender \u2013 declarou.<\/p>\n\n\n\n<p><strong>DECLARA\u00c7\u00d5ES DE LULA<\/strong><br>Neste domingo, o presidente Lula atacou a opera\u00e7\u00e3o israelense em Gaza durante uma entrevista coletiva em Adis Abeba, capital da Eti\u00f3pia. Lula fez um paralelo entre a morte de palestinos com o exterm\u00ednio de judeus feito pelo l\u00edder nazista Adolf Hitler.<\/p>\n\n\n\n<p>\u2013 O que est\u00e1 acontecendo em Gaza n\u00e3o aconteceu em nenhum outro momento hist\u00f3rico, s\u00f3 quando Hitler resolveu matar os judeus \u2013 disse Lula.<\/p>\n\n\n\n<p>O presidente brasileiro tamb\u00e9m criticou Israel ao afirmar que Tel Aviv n\u00e3o obedece a nenhuma decis\u00e3o da ONU e afirmou que defende a cria\u00e7\u00e3o de um Estado palestino. Para Lula, o conflito \u201cn\u00e3o \u00e9 uma guerra entre soldados e soldados, \u00e9 uma guerra entre um Ex\u00e9rcito altamente preparado e mulheres e crian\u00e7as\u201d.<\/p>\n\n\n\n<p>\u2013 N\u00e3o \u00e9 uma guerra, \u00e9 um genoc\u00eddio \u2013 completou o presidente brasileiro.<\/p>\n\n\n\n<p>*AE<\/p>\n","protected":false},"excerpt":{"rendered":"<p>O ministro das Rela\u00e7\u00f5es Exteriores de Israel, Israel Katz, afirmou, nesta segunda-feira (19), que o presidente do Brasil,&nbsp;Luiz In\u00e1cio Lula da Silva&nbsp;(PT), \u00e9 considerado persona non grata em Israel at\u00e9 que ele se desculpe pelas declara\u00e7\u00f5es em que comparou a ofensiva israelense na Faixa de Gaza ao exterm\u00ednio de judeus feito pelos nazistas. O an\u00fancio [&hellip;]<\/p>\n","protected":false},"author":2,"featured_media":18489,"comment_status":"open","ping_status":"open","sticky":false,"template":"","format":"standard","meta":[],"categories":[11,12,10],"tags":[],"_links":{"self":[{"href":"https:\/\/dgospel.com.br\/portal\/index.php\/wp-json\/wp\/v2\/posts\/18488"}],"collection":[{"href":"https:\/\/dgospel.com.br\/portal\/index.php\/wp-json\/wp\/v2\/posts"}],"about":[{"href":"https:\/\/dgospel.com.br\/portal\/index.php\/wp-json\/wp\/v2\/types\/post"}],"author":[{"embeddable":true,"href":"https:\/\/dgospel.com.br\/portal\/index.php\/wp-json\/wp\/v2\/users\/2"}],"replies":[{"embeddable":true,"href":"https:\/\/dgospel.com.br\/portal\/index.php\/wp-json\/wp\/v2\/comments?post=18488"}],"version-history":[{"count":1,"href":"https:\/\/dgospel.com.br\/portal\/index.php\/wp-json\/wp\/v2\/posts\/18488\/revisions"}],"predecessor-version":[{"id":18490,"href":"https:\/\/dgospel.com.br\/portal\/index.php\/wp-json\/wp\/v2\/posts\/18488\/revisions\/18490"}],"wp:featuredmedia":[{"embeddable":true,"href":"https:\/\/dgospel.com.br\/portal\/index.php\/wp-json\/wp\/v2\/media\/18489"}],"wp:attachment":[{"href":"https:\/\/dgospel.com.br\/portal\/index.php\/wp-json\/wp\/v2\/media?parent=18488"}],"wp:term":[{"taxonomy":"category","embeddable":true,"href":"https:\/\/dgospel.com.br\/portal\/index.php\/wp-json\/wp\/v2\/categories?post=18488"},{"taxonomy":"post_tag","embeddable":true,"href":"https:\/\/dgospel.com.br\/portal\/index.php\/wp-json\/wp\/v2\/tags?post=18488"}],"curies":[{"name":"wp","href":"https:\/\/api.w.org\/{rel}","templated":true}]}}