{"id":18497,"date":"2024-02-19T22:20:30","date_gmt":"2024-02-20T01:20:30","guid":{"rendered":"https:\/\/dgospel.com.br\/portal\/?p=18497"},"modified":"2024-02-19T22:20:32","modified_gmt":"2024-02-20T01:20:32","slug":"ministros-evangelicos-emitem-nota-de-repudio-contra-lula","status":"publish","type":"post","link":"https:\/\/dgospel.com.br\/portal\/index.php\/2024\/02\/19\/ministros-evangelicos-emitem-nota-de-repudio-contra-lula\/","title":{"rendered":"Ministros evang\u00e9licos emitem nota de rep\u00fadio contra Lula"},"content":{"rendered":"\n<p>O Conselho Interdenominacional de Ministros Evang\u00e9licos do Brasil (CIMEB) emitiu uma nota rep\u00fadio ao presidente Luiz In\u00e1cio Lula da Silva (PT) por conta da declara\u00e7\u00e3o dada neste domingo (18) que comparou as a\u00e7\u00f5es militares em Gaza com o Holocausto judeu.<\/p>\n\n\n\n<p>A entidade, que representa cerca de 10 mil pastores de diversas denomina\u00e7\u00f5es, diz que a fala do petista foi \u201cinconsequente\u201d e \u201cabsurda\u201d, por comprar \u201co massacre de mais de 6 milh\u00f5es de judeus inocentes com qualquer guerra no mundo\u201d.<\/p>\n\n\n\n<p>\u2013 O que n\u00e3o podemos perder em mente \u00e9 que Israel \u00e9 uma na\u00e7\u00e3o soberana, que tem direito a autodefesa, segundo as leis internacionais, por ter sido atacada em seu territ\u00f3rio pelo grupo terrorista Hamas \u2013 diz a nota.<\/p>\n\n\n\n<p>Os pastores dizem ainda que n\u00e3o s\u00e3o favor\u00e1veis \u00e0 guerra, nem a morte de inocentes, mas que \u201cn\u00e3o h\u00e1 provas de que Israel cometeu genoc\u00eddio\u201d.<\/p>\n\n\n\n<p>\u2013 Lamentamos profundamente que a palavra do presidente Lula envergonhe o Brasil diante das na\u00e7\u00f5es do mundo. A declara\u00e7\u00e3o de Lula n\u00e3o representa a opini\u00e3o da maioria do povo brasileiro \u2013 concluiu.<\/p>\n\n\n\n<p>Assinam a nota nomes como Silas Malafaia, C\u00e9sar Augusto, Estevam Hernandes, Ren\u00ea Terra Nova, Aber Huber, Victor Hugo, Galdino Junior e Luiz Herm\u00ednio.<\/p>\n\n\n\n<figure class=\"wp-block-image\"><img src=\"https:\/\/static.cdn.pleno.news\/2024\/02\/WhatsApp-Image-2024-02-19-at-18.48.04-725x1024.jpeg\" alt=\"\" class=\"wp-image-1281165\"\/><\/figure>\n","protected":false},"excerpt":{"rendered":"<p>O Conselho Interdenominacional de Ministros Evang\u00e9licos do Brasil (CIMEB) emitiu uma nota rep\u00fadio ao presidente Luiz In\u00e1cio Lula da Silva (PT) por conta da declara\u00e7\u00e3o dada neste domingo (18) que comparou as a\u00e7\u00f5es militares em Gaza com o Holocausto judeu. A entidade, que representa cerca de 10 mil pastores de diversas denomina\u00e7\u00f5es, diz que a [&hellip;]<\/p>\n","protected":false},"author":2,"featured_media":18498,"comment_status":"open","ping_status":"open","sticky":false,"template":"","format":"standard","meta":[],"categories":[4],"tags":[],"_links":{"self":[{"href":"https:\/\/dgospel.com.br\/portal\/index.php\/wp-json\/wp\/v2\/posts\/18497"}],"collection":[{"href":"https:\/\/dgospel.com.br\/portal\/index.php\/wp-json\/wp\/v2\/posts"}],"about":[{"href":"https:\/\/dgospel.com.br\/portal\/index.php\/wp-json\/wp\/v2\/types\/post"}],"author":[{"embeddable":true,"href":"https:\/\/dgospel.com.br\/portal\/index.php\/wp-json\/wp\/v2\/users\/2"}],"replies":[{"embeddable":true,"href":"https:\/\/dgospel.com.br\/portal\/index.php\/wp-json\/wp\/v2\/comments?post=18497"}],"version-history":[{"count":1,"href":"https:\/\/dgospel.com.br\/portal\/index.php\/wp-json\/wp\/v2\/posts\/18497\/revisions"}],"predecessor-version":[{"id":18499,"href":"https:\/\/dgospel.com.br\/portal\/index.php\/wp-json\/wp\/v2\/posts\/18497\/revisions\/18499"}],"wp:featuredmedia":[{"embeddable":true,"href":"https:\/\/dgospel.com.br\/portal\/index.php\/wp-json\/wp\/v2\/media\/18498"}],"wp:attachment":[{"href":"https:\/\/dgospel.com.br\/portal\/index.php\/wp-json\/wp\/v2\/media?parent=18497"}],"wp:term":[{"taxonomy":"category","embeddable":true,"href":"https:\/\/dgospel.com.br\/portal\/index.php\/wp-json\/wp\/v2\/categories?post=18497"},{"taxonomy":"post_tag","embeddable":true,"href":"https:\/\/dgospel.com.br\/portal\/index.php\/wp-json\/wp\/v2\/tags?post=18497"}],"curies":[{"name":"wp","href":"https:\/\/api.w.org\/{rel}","templated":true}]}}