{"id":18503,"date":"2024-02-21T12:41:37","date_gmt":"2024-02-21T15:41:37","guid":{"rendered":"https:\/\/dgospel.com.br\/portal\/?p=18503"},"modified":"2024-02-21T12:41:39","modified_gmt":"2024-02-21T15:41:39","slug":"pedido-de-impeachment-de-lula-chega-a-recorde-de-129-assinaturas","status":"publish","type":"post","link":"https:\/\/dgospel.com.br\/portal\/index.php\/2024\/02\/21\/pedido-de-impeachment-de-lula-chega-a-recorde-de-129-assinaturas\/","title":{"rendered":"Pedido de impeachment de Lula chega a recorde de 129 assinaturas"},"content":{"rendered":"\n<p>O pedido de impeachment do presidente&nbsp;<a href=\"http:\/\/pleno.news\/tag\/lula\" target=\"_blank\" rel=\"noreferrer noopener\">Luiz In\u00e1cio Lula da Silva<\/a>&nbsp;(PT) em raz\u00e3o da declara\u00e7\u00e3o do petista contra&nbsp;<a href=\"http:\/\/pleno.news\/tag\/israel\" target=\"_blank\" rel=\"noreferrer noopener\">Israel<\/a>&nbsp;segue ganhando apoiadores na C\u00e2mara dos Deputados. At\u00e9 a madrugada desta quarta-feira (21), 129 deputados j\u00e1 tinham oficializado o apoio \u00e0 proposi\u00e7\u00e3o.<\/p>\n\n\n\n<p>O n\u00famero de ades\u00f5es ao pedido atual j\u00e1 det\u00e9m o recorde entre solicita\u00e7\u00f5es de abertura de processo de impeachment. A maior marca anterior era justamente o pedido que culminou na queda da ex-presidente Dilma Rousseff (PT), quando 124 deputados apoiaram a proposta.<\/p>\n\n\n\n<p>No pedido contra Lula, os parlamentares apontam que as declara\u00e7\u00f5es do presidente associando a guerra de Israel contra o Hamas \u00e0 morte de judeus pelas m\u00e3os dos nazistas configuram um crime de responsabilidade de acordo com o artigo 5\u00b0 da Constitui\u00e7\u00e3o Federal.<\/p>\n\n\n\n<p>\u2013 S\u00e3o crimes de responsabilidade contra a exist\u00eancia pol\u00edtica da Uni\u00e3o: 3 \u2013 cometer ato de hostilidade contra na\u00e7\u00e3o estrangeira, expondo a Rep\u00fablica ao perigo da guerra, ou comprometendo-lhe a neutralidade \u2013 cita a solicita\u00e7\u00e3o.<\/p>\n\n\n\n<p><strong>Confira a lista com os 129 deputados que apoiam a proposta:<\/strong><\/p>\n\n\n\n<ol><li>Carla Zambelli<\/li><li>Julia Zanatta<\/li><li>Delegado Caveira<\/li><li>Mario Frias<\/li><li>Coronel Meira<\/li><li>Maur\u00edcio Marcon<\/li><li>Paulo Bilynskyj<\/li><li>Sgt Fahur<\/li><li>Delegado Fabio Costa<\/li><li>Carlos Jordy<\/li><li>Gustavo Gayer<\/li><li>Sgt Gon\u00e7alves<\/li><li>Kim Kataguiri<\/li><li>Bia Kicis<\/li><li>General Gir\u00e3o<\/li><li>Luiz Philippe<\/li><li>Nikolas Ferreira<\/li><li>Alfredo Gaspar<\/li><li>Rosangela Moro<\/li><li>Gilvan da Federal<\/li><li>Carol de Toni<\/li><li>Am\u00e1lia Barros<\/li><li>Domingos S\u00e1vio<\/li><li>Ramagem<\/li><li>Nicoletti<\/li><li>Messias Donato<\/li><li>Andr\u00e9 Fernandes<\/li><li>Marcelo \u00c1lvaro Ant\u00f4nio<\/li><li>Eros Biondini<\/li><li>Junio Amaral<\/li><li>Coronel Telhada<\/li><li>Marcel Van Hattem<\/li><li>Jos\u00e9 Medeiros<\/li><li>Zucco<\/li><li>Daniel Freitas<\/li><li>Z\u00e9 Trov\u00e3o<\/li><li>Daniela Reinehr<\/li><li>Capit\u00e3o Alden<\/li><li>Filipe Martins<\/li><li>Bibo Nunes<\/li><li>Adriana Ventura<\/li><li>Gilberto Silva<\/li><li>Cel Chris\u00f3stomo<\/li><li>Sanderson<\/li><li>Giovani Cherini<\/li><li>Filipe Barros<\/li><li>Cristiane Lopes<\/li><li>Capit\u00e3o Augusto<\/li><li>Gilson Marques<\/li><li>Coronel Fernanda<\/li><li>Eduardo Bolsonaro<\/li><li>Any Ortiz<\/li><li>Marco Feliciano<\/li><li>Adilson Barroso<\/li><li>Chris Tonietto<\/li><li>Silvio Antonio<\/li><li>Ricardo Salles<\/li><li>Silvia Wai\u00e3pi<\/li><li>Abilio<\/li><li>Marcio Alvino<\/li><li>Jefferson Campos<\/li><li>Rodrigo Valadares<\/li><li>Marcelo Moraes<\/li><li>Delegado \u00c9der Mauro<\/li><li>Rodolfo Nogueira<\/li><li>Dr. Frederico<\/li><li>Clarissa Tercio<\/li><li>Evair Vieira de Melo<\/li><li>Eli Borges<\/li><li>Coronel Assis<\/li><li>Luiz Lima<\/li><li>Coronel Ulysses<\/li><li>Dr. Jaziel\u2060<\/li><li>Capit\u00e3o Alberto Neto<\/li><li>Mariana Carvalho<\/li><li>Roberto Duarte<\/li><li>Marcos Pollon<\/li><li>Magda Mofatto<\/li><li>Dayany Bittencourt<\/li><li>Maur\u00edcio Souza<\/li><li>Fernando Rodolfo<\/li><li>Roberta Roma<\/li><li>Alberto Fraga<\/li><li>Reinhold Stephanes Jr<\/li><li>Lincoln Portela<\/li><li>Miguel Lombardi<\/li><li>\u2060Dr. Zacharias Calil<\/li><li>Professor Alcides<\/li><li>Rosana Valle<\/li><li>H\u00e9lio Lopes<\/li><li>Pedro Lupion<\/li><li>Pastor Eurico<\/li><li>Delegado Palumbo<\/li><li>Z\u00e9 Vitor<\/li><li>Lucas Redecker<\/li><li>\u2060Dr. Fernando Maximo<\/li><li>Thiago Flores<\/li><li>Dr Luiz Ovando<\/li><li>Roberto Monteiro<\/li><li>General Pazuello<\/li><li>Luciano Galego<\/li><li>Afonso Hamm<\/li><li>Osmar Terra<\/li><li>Covatti Filho<\/li><li>Pedro Westphalen<\/li><li>Geovania de S\u00e1<\/li><li>Nelsinho Padovani<\/li><li>Andr\u00e9 Ferreira<\/li><li>Gerlen Diniz<\/li><li>Ana Paula Le\u00e3o<\/li><li>Dilceu Sperafico<\/li><li>Vermelho Maria<\/li><li>Franciane Bayer<\/li><li>Joaquim Passarinho<\/li><li>Vicentinho J\u00fanior<\/li><li>Fred Linhares<\/li><li>Sostenes Cavalcante<\/li><li>Amaro Neto<\/li><li>Dep. Carlos Sampaio<\/li><li>Mendon\u00e7a Filho<\/li><li>Silvia Cristina<\/li><li>Felipe Saliba<\/li><li>Maur\u00edcio Carvalho<\/li><li>Rafael Sim\u00f5es<\/li><li>Paulinho Freire<\/li><li>Emidinho Madeira<\/li><li>Diego Garcia<\/li><li>Pezenti<\/li><li>Paulo Freire Costa<\/li><\/ol>\n\n\n\n<p><\/p>\n","protected":false},"excerpt":{"rendered":"<p>O pedido de impeachment do presidente&nbsp;Luiz In\u00e1cio Lula da Silva&nbsp;(PT) em raz\u00e3o da declara\u00e7\u00e3o do petista contra&nbsp;Israel&nbsp;segue ganhando apoiadores na C\u00e2mara dos Deputados. At\u00e9 a madrugada desta quarta-feira (21), 129 deputados j\u00e1 tinham oficializado o apoio \u00e0 proposi\u00e7\u00e3o. O n\u00famero de ades\u00f5es ao pedido atual j\u00e1 det\u00e9m o recorde entre solicita\u00e7\u00f5es de abertura de processo [&hellip;]<\/p>\n","protected":false},"author":2,"featured_media":18504,"comment_status":"open","ping_status":"open","sticky":false,"template":"","format":"standard","meta":[],"categories":[10],"tags":[],"_links":{"self":[{"href":"https:\/\/dgospel.com.br\/portal\/index.php\/wp-json\/wp\/v2\/posts\/18503"}],"collection":[{"href":"https:\/\/dgospel.com.br\/portal\/index.php\/wp-json\/wp\/v2\/posts"}],"about":[{"href":"https:\/\/dgospel.com.br\/portal\/index.php\/wp-json\/wp\/v2\/types\/post"}],"author":[{"embeddable":true,"href":"https:\/\/dgospel.com.br\/portal\/index.php\/wp-json\/wp\/v2\/users\/2"}],"replies":[{"embeddable":true,"href":"https:\/\/dgospel.com.br\/portal\/index.php\/wp-json\/wp\/v2\/comments?post=18503"}],"version-history":[{"count":1,"href":"https:\/\/dgospel.com.br\/portal\/index.php\/wp-json\/wp\/v2\/posts\/18503\/revisions"}],"predecessor-version":[{"id":18505,"href":"https:\/\/dgospel.com.br\/portal\/index.php\/wp-json\/wp\/v2\/posts\/18503\/revisions\/18505"}],"wp:featuredmedia":[{"embeddable":true,"href":"https:\/\/dgospel.com.br\/portal\/index.php\/wp-json\/wp\/v2\/media\/18504"}],"wp:attachment":[{"href":"https:\/\/dgospel.com.br\/portal\/index.php\/wp-json\/wp\/v2\/media?parent=18503"}],"wp:term":[{"taxonomy":"category","embeddable":true,"href":"https:\/\/dgospel.com.br\/portal\/index.php\/wp-json\/wp\/v2\/categories?post=18503"},{"taxonomy":"post_tag","embeddable":true,"href":"https:\/\/dgospel.com.br\/portal\/index.php\/wp-json\/wp\/v2\/tags?post=18503"}],"curies":[{"name":"wp","href":"https:\/\/api.w.org\/{rel}","templated":true}]}}