{"id":18506,"date":"2024-02-21T12:44:10","date_gmt":"2024-02-21T15:44:10","guid":{"rendered":"https:\/\/dgospel.com.br\/portal\/?p=18506"},"modified":"2024-02-21T12:44:12","modified_gmt":"2024-02-21T15:44:12","slug":"indigenas-mortes-de-yanomamis-aumentam-no-governo-lula","status":"publish","type":"post","link":"https:\/\/dgospel.com.br\/portal\/index.php\/2024\/02\/21\/indigenas-mortes-de-yanomamis-aumentam-no-governo-lula\/","title":{"rendered":"Ind\u00edgenas: Mortes de yanomamis aumentam no governo Lula"},"content":{"rendered":"\n<p>As mortes de ind\u00edgenas da etnia yanomami aumentaram em 2023, no primeiro ano de governo do presidente Luiz In\u00e1cio Lula da Silva (PT). As informa\u00e7\u00f5es s\u00e3o da revista Oeste.<\/p>\n\n\n\n<p>Dados via Lei de Acesso \u00e0 Informa\u00e7\u00e3o apontam que 345 yanomamis morreram em 2023, enquanto 343 morreram em 2022.<\/p>\n\n\n\n<p>\u2013 Essa informa\u00e7\u00e3o desmente o relat\u00f3rio apresentado em 5 de janeiro pelo Minist\u00e9rio da Sa\u00fade. Na ocasi\u00e3o, o governo Lula celebrou uma suposta redu\u00e7\u00e3o no n\u00famero de mortes de ianom\u00e2mis no primeiro ano de mandato: 308, em 2023, contra 343, em 2022. (\u2026) A gest\u00e3o petista omitiu que as mortes registradas em 2023 ocorreram entre janeiro e novembro. Ou seja, o \u00faltimo m\u00eas do ano n\u00e3o fora contabilizado \u2013 reportou a revista.<\/p>\n\n\n\n<p>O governo Lula, declarou situa\u00e7\u00e3o de emerg\u00eancia no territ\u00f3rio Yanomami no in\u00edcio do mandato. O acesso ao local \u00e9 restrito.<\/p>\n","protected":false},"excerpt":{"rendered":"<p>As mortes de ind\u00edgenas da etnia yanomami aumentaram em 2023, no primeiro ano de governo do presidente Luiz In\u00e1cio Lula da Silva (PT). As informa\u00e7\u00f5es s\u00e3o da revista Oeste. Dados via Lei de Acesso \u00e0 Informa\u00e7\u00e3o apontam que 345 yanomamis morreram em 2023, enquanto 343 morreram em 2022. \u2013 Essa informa\u00e7\u00e3o desmente o relat\u00f3rio apresentado [&hellip;]<\/p>\n","protected":false},"author":2,"featured_media":18507,"comment_status":"open","ping_status":"open","sticky":false,"template":"","format":"standard","meta":[],"categories":[11,12,4],"tags":[],"_links":{"self":[{"href":"https:\/\/dgospel.com.br\/portal\/index.php\/wp-json\/wp\/v2\/posts\/18506"}],"collection":[{"href":"https:\/\/dgospel.com.br\/portal\/index.php\/wp-json\/wp\/v2\/posts"}],"about":[{"href":"https:\/\/dgospel.com.br\/portal\/index.php\/wp-json\/wp\/v2\/types\/post"}],"author":[{"embeddable":true,"href":"https:\/\/dgospel.com.br\/portal\/index.php\/wp-json\/wp\/v2\/users\/2"}],"replies":[{"embeddable":true,"href":"https:\/\/dgospel.com.br\/portal\/index.php\/wp-json\/wp\/v2\/comments?post=18506"}],"version-history":[{"count":1,"href":"https:\/\/dgospel.com.br\/portal\/index.php\/wp-json\/wp\/v2\/posts\/18506\/revisions"}],"predecessor-version":[{"id":18508,"href":"https:\/\/dgospel.com.br\/portal\/index.php\/wp-json\/wp\/v2\/posts\/18506\/revisions\/18508"}],"wp:featuredmedia":[{"embeddable":true,"href":"https:\/\/dgospel.com.br\/portal\/index.php\/wp-json\/wp\/v2\/media\/18507"}],"wp:attachment":[{"href":"https:\/\/dgospel.com.br\/portal\/index.php\/wp-json\/wp\/v2\/media?parent=18506"}],"wp:term":[{"taxonomy":"category","embeddable":true,"href":"https:\/\/dgospel.com.br\/portal\/index.php\/wp-json\/wp\/v2\/categories?post=18506"},{"taxonomy":"post_tag","embeddable":true,"href":"https:\/\/dgospel.com.br\/portal\/index.php\/wp-json\/wp\/v2\/tags?post=18506"}],"curies":[{"name":"wp","href":"https:\/\/api.w.org\/{rel}","templated":true}]}}