{"id":18509,"date":"2024-02-23T09:21:33","date_gmt":"2024-02-23T12:21:33","guid":{"rendered":"https:\/\/dgospel.com.br\/portal\/?p=18509"},"modified":"2024-02-23T09:21:35","modified_gmt":"2024-02-23T12:21:35","slug":"igreja-e-missao-crista-sao-incendiadas-em-mocambique","status":"publish","type":"post","link":"https:\/\/dgospel.com.br\/portal\/index.php\/2024\/02\/23\/igreja-e-missao-crista-sao-incendiadas-em-mocambique\/","title":{"rendered":"Igreja e miss\u00e3o crist\u00e3 s\u00e3o incendiadas em Mo\u00e7ambique"},"content":{"rendered":"\n<p>Em 12 de fevereiro, uma igreja e os escrit\u00f3rios de uma miss\u00e3o crist\u00e3 foram incendiados em Mazeze, na prov\u00edncia de Cabo Delgado,&nbsp;Mo\u00e7ambique. O incidente aconteceu ap\u00f3s um ataque a Pemba, cidade portu\u00e1ria e capital da prov\u00edncia. N\u00e3o houve mortos e feridos no incidente.<\/p>\n\n\n\n<p>De acordo com a organiza\u00e7\u00e3o Aid to the Church in Need, tr\u00eas comunidades de Cabo Delgado foram invadidas por extremistas vinculados ao grupo extremista&nbsp;<a href=\"https:\/\/portasabertas.org.br\/artigos\/o-que-e-o-estado-islamico\" target=\"_blank\" rel=\"noreferrer noopener\">Estado Isl\u00e2mico<\/a>&nbsp;em 9 de fevereiro. Os ataques deixaram um n\u00famero ainda desconhecido de mortos, feridos e deslocados.<\/p>\n\n\n\n<p>A viol\u00eancia \u00e9 um problema que est\u00e1 afetando os crist\u00e3os que vivem no pa\u00eds. \u201cEsta \u00e9 a situa\u00e7\u00e3o da igreja em Mo\u00e7ambique, especialmente aqui no Norte. Em Mo\u00e7ambique, n\u00f3s crist\u00e3os somos alvo de muitas persegui\u00e7\u00f5es, muitos crist\u00e3os s\u00e3o violentados, mortos e v\u00e1rias igrejas e casas destru\u00eddas\u201d, explica Mario Artur, um pastor local.<\/p>\n\n\n\n<p>Mo\u00e7ambique \u00e9 o 39\u00ba pa\u00eds na<a href=\"https:\/\/portasabertas.org.br\/lista-mundial\/paises-da-lista\" target=\"_blank\" rel=\"noreferrer noopener\">&nbsp;Lista Mundial da Persegui\u00e7\u00e3o 2024<\/a>, que classifica os 50 pa\u00edses em que os crist\u00e3os enfrentam persegui\u00e7\u00e3o.&nbsp;<\/p>\n\n\n\n<p><strong>Crist\u00e3os como alvo<\/strong><\/p>\n\n\n\n<p>Apesar do ano de 2024 estar apenas no in\u00edcio, v\u00e1rios ataques aos crist\u00e3os mo\u00e7ambicanos foram relatados. Em 31 de janeiro, cinco crist\u00e3os foram atacados enquanto voltavam da ca\u00e7a na aldeia de Chai, no distrito de Macomia. Um jovem foi capturado enquanto defendia o pai, mas o homem acabou decapitado. O mo\u00e7o ainda continua desaparecido.<\/p>\n\n\n\n<p>Em 27 de janeiro, tr\u00eas seguidores de Jesus deslocados foram atacados enquanto voltavam do trabalho para a aldeia de Pulo, regi\u00e3o de Metuge. Um dos sobreviventes contou que foram abordados por sete homens. \u201cPerguntaram se t\u00ednhamos visto algum grupo policial ou militar e respondemos \u2018n\u00e3o\u2019, e logo outro extremista se aproximou de n\u00f3s e disse: \u2018cada um fale a sua religi\u00e3o\u2019. Antes de come\u00e7armos a falar, descobriram que \u00e9ramos crist\u00e3os e fugimos\u201d, testemunha.<\/p>\n\n\n\n<p>A viol\u00eancia est\u00e1 afetando a sa\u00fade dos pastores e crist\u00e3os em Mo\u00e7ambique. Muitos l\u00edderes crist\u00e3os partilharam com os parceiros locais da Portas Abertas que se sentem incapazes de ministrar \u00e0 Igreja deslocada, pois est\u00e3o lutando para elaborar os ataques. Diante dessas necessidades, o pastor Artur continua: \u201cPedimos aos nossos irm\u00e3os que intercedam pelas fam\u00edlias enlutadas em Cabo Delgado. Oremos pela prote\u00e7\u00e3o e paz da igreja em Mo\u00e7ambique.\u201d<\/p>\n\n\n\n<p><strong>A persegui\u00e7\u00e3o a crist\u00e3os em Mo\u00e7ambique<\/strong><\/p>\n\n\n\n<p>O crescimento do extremismo isl\u00e2mico no Norte do pa\u00eds, principalmente em regi\u00f5es como Cabo Delgado, teve um impacto devastador na vida dos crist\u00e3os. Igrejas foram incendiadas, pastores sequestrados e muitos mortos. O objetivo desses grupos \u00e9 estabelecer um Estado isl\u00e2mico, e crist\u00e3os s\u00e3o muitas vezes alvejados como s\u00edmbolos de resist\u00eancia a essa ideologia extremista.&nbsp;<\/p>\n\n\n\n<p>Al\u00e9m disso, crist\u00e3os muitas vezes se encontram no meio do fogo cruzado de conflitos existentes entre for\u00e7as do governo e grupos jihadistas, tornando-os ainda mais vulner\u00e1veis \u00e0 viol\u00eancia e ao deslocamento.&nbsp;<\/p>\n\n\n\n<p>Mo\u00e7ambique tamb\u00e9m se tornou um eixo principal para o tr\u00e1fico de drogas, com a presen\u00e7a de cart\u00e9is que contribuem para um clima de ilegalidade e viol\u00eancia, que afeta indiretamente a comunidade crist\u00e3. Jovens que trabalham na igreja est\u00e3o principalmente em risco, afinal s\u00e3o vistos como amea\u00e7a aos cart\u00e9is.&nbsp;<\/p>\n\n\n\n<p>O governo tamb\u00e9m restringe a liberdade religiosa. Dentro da fam\u00edlia e da sociedade, os crist\u00e3os podem enfrentar hostilidade, principalmente convertidos do islamismo.&nbsp;&nbsp;<\/p>\n\n\n\n<p>Mobilize sua igreja a orar pela \u00c1frica Subsaariana<\/p>\n\n\n\n<p>A viol\u00eancia dos jihadistas afeta diretamente os crist\u00e3os que vivem em pa\u00edses da \u00c1frica Subsaariana, como Mo\u00e7ambique. A Portas Abertas, organiza\u00e7\u00e3o que apoia crist\u00e3os perseguidos em todo mundo, acredita que a ora\u00e7\u00e3o \u00e9 capaz de mudar a realidade destes crist\u00e3os e convida toda igreja brasileira, livre da persegui\u00e7\u00e3o religiosa, a participar do Domingo da Igreja Perseguida (DIP) 2024.&nbsp;<a href=\"https:\/\/portasabertas.org.br\/dip\" target=\"_blank\" rel=\"noreferrer noopener\">Clique aqui para saber mais<\/a>&nbsp;e organize o DIP2024 em sua igreja.&nbsp;<\/p>\n\n\n\n<p><strong>Pedidos de ora\u00e7\u00e3o<\/strong><\/p>\n\n\n\n<ul><li>Ore pelo consolo e fortalecimento dos crist\u00e3os sobreviventes e das fam\u00edlias que perderam entes queridos.<\/li><li>Interceda para que a paz de Cristo esteja sobre o pa\u00eds e os governantes tenham sabedoria para solucionar o problema da viol\u00eancia.<\/li><li>Pe\u00e7a pela prote\u00e7\u00e3o dos parceiros da Portas Abertas que arriscam suas vidas para acolher e cuidar dos crist\u00e3os atacados.<\/li><\/ul>\n","protected":false},"excerpt":{"rendered":"<p>Em 12 de fevereiro, uma igreja e os escrit\u00f3rios de uma miss\u00e3o crist\u00e3 foram incendiados em Mazeze, na prov\u00edncia de Cabo Delgado,&nbsp;Mo\u00e7ambique. O incidente aconteceu ap\u00f3s um ataque a Pemba, cidade portu\u00e1ria e capital da prov\u00edncia. N\u00e3o houve mortos e feridos no incidente. De acordo com a organiza\u00e7\u00e3o Aid to the Church in Need, tr\u00eas [&hellip;]<\/p>\n","protected":false},"author":2,"featured_media":18510,"comment_status":"open","ping_status":"open","sticky":false,"template":"","format":"standard","meta":[],"categories":[11,12,5],"tags":[],"_links":{"self":[{"href":"https:\/\/dgospel.com.br\/portal\/index.php\/wp-json\/wp\/v2\/posts\/18509"}],"collection":[{"href":"https:\/\/dgospel.com.br\/portal\/index.php\/wp-json\/wp\/v2\/posts"}],"about":[{"href":"https:\/\/dgospel.com.br\/portal\/index.php\/wp-json\/wp\/v2\/types\/post"}],"author":[{"embeddable":true,"href":"https:\/\/dgospel.com.br\/portal\/index.php\/wp-json\/wp\/v2\/users\/2"}],"replies":[{"embeddable":true,"href":"https:\/\/dgospel.com.br\/portal\/index.php\/wp-json\/wp\/v2\/comments?post=18509"}],"version-history":[{"count":1,"href":"https:\/\/dgospel.com.br\/portal\/index.php\/wp-json\/wp\/v2\/posts\/18509\/revisions"}],"predecessor-version":[{"id":18511,"href":"https:\/\/dgospel.com.br\/portal\/index.php\/wp-json\/wp\/v2\/posts\/18509\/revisions\/18511"}],"wp:featuredmedia":[{"embeddable":true,"href":"https:\/\/dgospel.com.br\/portal\/index.php\/wp-json\/wp\/v2\/media\/18510"}],"wp:attachment":[{"href":"https:\/\/dgospel.com.br\/portal\/index.php\/wp-json\/wp\/v2\/media?parent=18509"}],"wp:term":[{"taxonomy":"category","embeddable":true,"href":"https:\/\/dgospel.com.br\/portal\/index.php\/wp-json\/wp\/v2\/categories?post=18509"},{"taxonomy":"post_tag","embeddable":true,"href":"https:\/\/dgospel.com.br\/portal\/index.php\/wp-json\/wp\/v2\/tags?post=18509"}],"curies":[{"name":"wp","href":"https:\/\/api.w.org\/{rel}","templated":true}]}}