{"id":18515,"date":"2024-02-23T09:58:57","date_gmt":"2024-02-23T12:58:57","guid":{"rendered":"https:\/\/dgospel.com.br\/portal\/?p=18515"},"modified":"2024-02-23T09:58:58","modified_gmt":"2024-02-23T12:58:58","slug":"sem-audiencia-lula-demite-marcos-uchoa-da-ebc","status":"publish","type":"post","link":"https:\/\/dgospel.com.br\/portal\/index.php\/2024\/02\/23\/sem-audiencia-lula-demite-marcos-uchoa-da-ebc\/","title":{"rendered":"SEM AUDI\u00caNCIA: Lula demite Marcos Uch\u00f4a\u00a0da\u00a0EBC"},"content":{"rendered":"\n<p>Marcos Uch\u00f4a foi demitido da Empresa Brasil de Comunica\u00e7\u00e3o (EBC) ap\u00f3s o t\u00e9rmino do programa \u201cConversa com o presidente\u201d, que marcava as lives de Lula, onde Uch\u00f4a atuava como \u00e2ncora. A sa\u00edda foi oficializada na ter\u00e7a-feira, conforme os registros internos da empresa.<\/p>\n\n\n\n<p>O Pal\u00e1cio do Planalto havia suspendido as transmiss\u00f5es ao vivo no final do \u00faltimo ano, por falta de audi\u00eancia. Fontes da Secom afirmam que o assunto ainda n\u00e3o foi retomado este ano, deixando o futuro do programa incerto. A sa\u00edda de Uch\u00f4a da EBC \u00e9 atribu\u00edda a uma \u201coutra oferta de trabalho\u201d, apesar da vers\u00e3o lulesca do programa n\u00e3o ter alcan\u00e7ado a audi\u00eancia esperada, contrastando com as lives de seu antecessor, Bolsonaro. A \u00faltima exibi\u00e7\u00e3o, em 19 de dezembro, registrou somente 46 mil visualiza\u00e7\u00f5es no canal de Lula no YouTube.<\/p>\n\n\n\n<p>A Secom defende que essa m\u00e9trica n\u00e3o reflete a audi\u00eancia total, considerando a dispers\u00e3o do conte\u00fado em m\u00faltiplos canais pela internet. Na EBC, respons\u00e1vel pela produ\u00e7\u00e3o e transmiss\u00e3o do programa, pairava uma nuvem de incerteza. Uch\u00f4a compartilhou sua experi\u00eancia no \u201cFlow Podcast\u201d, destacando a falta de planejamento: \u201cN\u00e3o houve planejamento. N\u00e3o houve reuni\u00e3o. Numa segunda-feira \u00e0 noite, simplesmente disseram: \u2018Amanh\u00e3 vamos fazer o programa\u2019. Foi assim. Sem pauta, sem nada. A decis\u00e3o de ser pela manh\u00e3 partiu do pr\u00f3prio Lula. Ele prefere come\u00e7ar o dia com isso e encerrar, sem deixar para o final do dia, com a cabe\u00e7a cheia\u201d.<\/p>\n","protected":false},"excerpt":{"rendered":"<p>Marcos Uch\u00f4a foi demitido da Empresa Brasil de Comunica\u00e7\u00e3o (EBC) ap\u00f3s o t\u00e9rmino do programa \u201cConversa com o presidente\u201d, que marcava as lives de Lula, onde Uch\u00f4a atuava como \u00e2ncora. A sa\u00edda foi oficializada na ter\u00e7a-feira, conforme os registros internos da empresa. O Pal\u00e1cio do Planalto havia suspendido as transmiss\u00f5es ao vivo no final do [&hellip;]<\/p>\n","protected":false},"author":2,"featured_media":18516,"comment_status":"open","ping_status":"open","sticky":false,"template":"","format":"standard","meta":[],"categories":[10],"tags":[],"_links":{"self":[{"href":"https:\/\/dgospel.com.br\/portal\/index.php\/wp-json\/wp\/v2\/posts\/18515"}],"collection":[{"href":"https:\/\/dgospel.com.br\/portal\/index.php\/wp-json\/wp\/v2\/posts"}],"about":[{"href":"https:\/\/dgospel.com.br\/portal\/index.php\/wp-json\/wp\/v2\/types\/post"}],"author":[{"embeddable":true,"href":"https:\/\/dgospel.com.br\/portal\/index.php\/wp-json\/wp\/v2\/users\/2"}],"replies":[{"embeddable":true,"href":"https:\/\/dgospel.com.br\/portal\/index.php\/wp-json\/wp\/v2\/comments?post=18515"}],"version-history":[{"count":1,"href":"https:\/\/dgospel.com.br\/portal\/index.php\/wp-json\/wp\/v2\/posts\/18515\/revisions"}],"predecessor-version":[{"id":18517,"href":"https:\/\/dgospel.com.br\/portal\/index.php\/wp-json\/wp\/v2\/posts\/18515\/revisions\/18517"}],"wp:featuredmedia":[{"embeddable":true,"href":"https:\/\/dgospel.com.br\/portal\/index.php\/wp-json\/wp\/v2\/media\/18516"}],"wp:attachment":[{"href":"https:\/\/dgospel.com.br\/portal\/index.php\/wp-json\/wp\/v2\/media?parent=18515"}],"wp:term":[{"taxonomy":"category","embeddable":true,"href":"https:\/\/dgospel.com.br\/portal\/index.php\/wp-json\/wp\/v2\/categories?post=18515"},{"taxonomy":"post_tag","embeddable":true,"href":"https:\/\/dgospel.com.br\/portal\/index.php\/wp-json\/wp\/v2\/tags?post=18515"}],"curies":[{"name":"wp","href":"https:\/\/api.w.org\/{rel}","templated":true}]}}