{"id":1852,"date":"2018-11-14T00:14:30","date_gmt":"2018-11-14T02:14:30","guid":{"rendered":"http:\/\/dgospel.com.br\/portal\/?p=1852"},"modified":"2018-11-14T00:14:30","modified_gmt":"2018-11-14T02:14:30","slug":"vereador-ivory-de-lira-propoe-titulo-de-cidadao-palmense-ao-pastor-jose-filho","status":"publish","type":"post","link":"https:\/\/dgospel.com.br\/portal\/index.php\/2018\/11\/14\/vereador-ivory-de-lira-propoe-titulo-de-cidadao-palmense-ao-pastor-jose-filho\/","title":{"rendered":"Vereador Ivory de Lira prop\u00f5e T\u00edtulo de Cidad\u00e3o Palmense ao pastor Jos\u00e9 Filho"},"content":{"rendered":"<p>O vereador e deputado estadual eleito, Ivory de Lira, prop\u00f5e o T\u00edtulo de Cidad\u00e3o Palmense ao pastor Jos\u00e9 Teles Carneiro Filho, presidente da Assembleia de Deus CIADSETA Palmas Sul. De acordo com o parlamentar o t\u00edtulo ao l\u00edder religioso \u00e9 o reconhecimento do belo trabalho que vem realizando tanto espiritual como social e por promover a paz na capital.<\/p>\n<p><strong>\u00a0<\/strong><strong>\u201c<\/strong>\u00c9 com muita honra, que solicito o T\u00edtulo de Cidad\u00e3o Palmense ao Pr. Jos\u00e9 Teles Carneiro Filho. Pois s\u00e3o 30 anos de hist\u00f3ria na capital das Assembleias de Deus CIADSETA. E o nobre pastor ao assumir a lideran\u00e7a da denomina\u00e7\u00e3o deu sequ\u00eancia ao trabalho\u201d, disse.<\/p>\n<p>Quando o pastor Jos\u00e9 Filho assumiu a lideran\u00e7a do campo, a Igreja contava com a sede e 11 filiais na regi\u00e3o sul de Palmas. Deus aprovou tanto seu trabalho que em 08 anos j\u00e1 s\u00e3o 43 filias das Assembleias de Deus CIADSETA Palmas sul.<\/p>\n<p>\u201cO forte do minist\u00e9rio do Pr. Jos\u00e9 Filho \u00e9 promover a paz, compartilhar o amor e construir templos, para que o povo de Deus possa ter lugar para congregar e exercendo um servi\u00e7o social religioso tremendo, sendo uma das maiores lideran\u00e7as religiosa desta capital\u201d, justificou o vereador.<\/p>\n<p><strong>\u00a0<\/strong><\/p>\n","protected":false},"excerpt":{"rendered":"<p>O vereador e deputado estadual eleito, Ivory de Lira, prop\u00f5e o T\u00edtulo de Cidad\u00e3o Palmense ao pastor Jos\u00e9 Teles Carneiro Filho, presidente da Assembleia de Deus CIADSETA Palmas Sul. De acordo com o parlamentar o t\u00edtulo ao l\u00edder religioso \u00e9 o reconhecimento do belo trabalho que vem realizando tanto espiritual como social e por promover [&hellip;]<\/p>\n","protected":false},"author":2,"featured_media":1853,"comment_status":"open","ping_status":"open","sticky":false,"template":"","format":"standard","meta":[],"categories":[8,2,5],"tags":[],"_links":{"self":[{"href":"https:\/\/dgospel.com.br\/portal\/index.php\/wp-json\/wp\/v2\/posts\/1852"}],"collection":[{"href":"https:\/\/dgospel.com.br\/portal\/index.php\/wp-json\/wp\/v2\/posts"}],"about":[{"href":"https:\/\/dgospel.com.br\/portal\/index.php\/wp-json\/wp\/v2\/types\/post"}],"author":[{"embeddable":true,"href":"https:\/\/dgospel.com.br\/portal\/index.php\/wp-json\/wp\/v2\/users\/2"}],"replies":[{"embeddable":true,"href":"https:\/\/dgospel.com.br\/portal\/index.php\/wp-json\/wp\/v2\/comments?post=1852"}],"version-history":[{"count":1,"href":"https:\/\/dgospel.com.br\/portal\/index.php\/wp-json\/wp\/v2\/posts\/1852\/revisions"}],"predecessor-version":[{"id":1854,"href":"https:\/\/dgospel.com.br\/portal\/index.php\/wp-json\/wp\/v2\/posts\/1852\/revisions\/1854"}],"wp:featuredmedia":[{"embeddable":true,"href":"https:\/\/dgospel.com.br\/portal\/index.php\/wp-json\/wp\/v2\/media\/1853"}],"wp:attachment":[{"href":"https:\/\/dgospel.com.br\/portal\/index.php\/wp-json\/wp\/v2\/media?parent=1852"}],"wp:term":[{"taxonomy":"category","embeddable":true,"href":"https:\/\/dgospel.com.br\/portal\/index.php\/wp-json\/wp\/v2\/categories?post=1852"},{"taxonomy":"post_tag","embeddable":true,"href":"https:\/\/dgospel.com.br\/portal\/index.php\/wp-json\/wp\/v2\/tags?post=1852"}],"curies":[{"name":"wp","href":"https:\/\/api.w.org\/{rel}","templated":true}]}}