{"id":18521,"date":"2024-02-23T12:21:44","date_gmt":"2024-02-23T15:21:44","guid":{"rendered":"https:\/\/dgospel.com.br\/portal\/?p=18521"},"modified":"2024-02-23T12:21:46","modified_gmt":"2024-02-23T15:21:46","slug":"primeira-dama-karynne-sotero-busca-parcerias-com-goias-para-fortalecer-politicas-sociais","status":"publish","type":"post","link":"https:\/\/dgospel.com.br\/portal\/index.php\/2024\/02\/23\/primeira-dama-karynne-sotero-busca-parcerias-com-goias-para-fortalecer-politicas-sociais\/","title":{"rendered":"Primeira-dama Karynne Sotero busca parcerias com Goi\u00e1s para fortalecer pol\u00edticas sociais"},"content":{"rendered":"\n<p>Bucar parcerias, informa\u00e7\u00f5es e ideias assertivas para melhor aplica\u00e7\u00e3o de pol\u00edticas sociais no Tocantins, foram com esses objetivos que a primeira-dama do Tocantins e secret\u00e1ria extraordin\u00e1ria de Participa\u00e7\u00f5es Sociais, Karynne Sotero, esteve em reuni\u00e3o nesta quinta-feira, 22, no Pal\u00e1cio das Esmeraldas, em Goi\u00e2nia, com \u00e0 primeira-dama de Goi\u00e1s, Gracinha Caiado. O encontro tratou, principalmente, da apresenta\u00e7\u00e3o das principais a\u00e7\u00f5es do Goi\u00e1s Social, pol\u00edtica socioassistencial do Governo do Estado de Goi\u00e1s.<\/p>\n\n\n\n<p>O programa Goi\u00e1s Social \u00e9 um conjunto de iniciativas com intuito de ajudar fam\u00edlias em situa\u00e7\u00e3o de vulnerabilidade em todas regi\u00f5es de Goi\u00e1s. O momento foi oportuno para que os governos pudessem cambiar propostas na \u00e1rea social, na possibilidade de adaptar iniciativas.<\/p>\n\n\n\n<p>A primeira-dama do Tocantins, agradeceu o convite e destacou os pontos que podem ser estudados e implementados no Tocantins. \u201cEu agrade\u00e7o muito o convite da primeira-dama Gracinha, que sempre nos recebeu de uma forma carinhosa. Hoje n\u00f3s podemos ver projetos maravilhosos aqui em Goi\u00e1s, com certeza n\u00f3s iremos levar grandes exemplos para o nosso Tocantins, que \u00e9 um estado que tem muito potencial e pode muito bem adaptar as pol\u00edticas que est\u00e3o dando certo em Goi\u00e1s\u201d, pontua a primeira-dama Karynne Sotero.<\/p>\n\n\n\n<p>Gracinha Caiado, que tamb\u00e9m \u00e9 coordenadora do Goi\u00e1s Social, destacou a import\u00e2ncia da visita de comitiva do Tocantins e como os governos podem trabalhar em conjunto para que o Tocantins possa realizar pol\u00edticas sociais que v\u00e3o gerar benef\u00edcios para os cidad\u00e3os e cidad\u00e3s tocantinenses. \u201cGoi\u00e1s e Tocantins s\u00e3o estados irm\u00e3o, temos muito em<\/p>\n\n\n\n<p>comum e podemos trabalhar em parcerias de sucesso.&nbsp; \u00c9 uma alegria enorme estar aqui com a primeira-dama Karynne, certamente podemos fazer esse interc\u00e2mbio dos nossos trabalhos sociais. Agrade\u00e7o a primeira-dama e secret\u00e1ria por aceitar o nosso convite e sabemos que estamos nos ajudando\u201d, destaca Gracinha Caiado.<\/p>\n\n\n\n<p>O secret\u00e1rio de Estado do Trabalho e Desenvolvimento Social (Setas), Jonis Cala\u00e7a, afirmou que o Tocantins pode aplicar pol\u00edticas semelhantes, tendo como exemplo as iniciativas do programa Goi\u00e1s Social. \u201cO governo de Goi\u00e1s avan\u00e7ou em v\u00e1rias \u00e1reas e tem muito a mostrar e oferecer. Nosso estado tamb\u00e9m tem pol\u00edticas sociais interessantes e sabemos que esse c\u00e2mbio pode potencializar nos servi\u00e7os que v\u00e3o refletir diretamente na popula\u00e7\u00e3o vulner\u00e1vel\u201d, comenta o secret\u00e1rio.<\/p>\n\n\n\n<p><strong>Programa Goi\u00e1s Social<\/strong><\/p>\n\n\n\n<p>O programa Goi\u00e1s Social realiza v\u00e1rias a\u00e7\u00f5es e servi\u00e7os em tr\u00eas eixos tem\u00e1ticos: emergencial, protetivo e emancipat\u00f3rio. A iniciativa oferece diversos benef\u00edcios, onde as secretarias do Estado de Goi\u00e1s implementam programas que incentivam a educa\u00e7\u00e3o, a qualifica\u00e7\u00e3o profissional, a reforma de casas sem custo para a fam\u00edlia beneficiada, programa de transfer\u00eancia de renda chamado Cr\u00e9dito Social, voltado para pessoas interessadas em empreender e que passaram por capacita\u00e7\u00f5es, dentre outras servi\u00e7os.<\/p>\n\n\n\n<p>A a\u00e7\u00f5es sociais j\u00e1 eram executadas pela primeira-dama Gracinha Caiado, desde 2019. O programa ent\u00e3o foi aprimorado e lan\u00e7ando oficialmente em 2021, sendo gerenciado pelo Gabinete de Pol\u00edticas Sociais (GPS), em parceria com a Organiza\u00e7\u00e3o das Volunt\u00e1rias de Goi\u00e1s (OVG).<\/p>\n\n\n\n<p><strong>Visitas institucionais<\/strong><\/p>\n\n\n\n<p>Como parte da agenda de compromissos na capital goiana, a primeira-dama e secret\u00e1ria Karynne visitou institui\u00e7\u00f5es que s\u00e3o mantidas pelo Governo de Goi\u00e1s. Um dos locais visitados foi o Centro de Juventude Tecendo o Futuro.<\/p>\n\n\n\n<p>O Centro \u00e9 uma das unidades que tem apoio estatal e \u00e9 administrado pela Organiza\u00e7\u00e3o das Volunt\u00e1rias de Goi\u00e1s, sendo esta uma entidade sem fins lucrativos que investe servi\u00e7os e a\u00e7\u00f5es por meio de programas sociais. O Centro de Juventude Tecendo o Futuro \u00e9 um espa\u00e7o para adolescentes e jovens vulner\u00e1veis, oferecendo atividades esportivas, inclus\u00e3o digital, laborat\u00f3rios de tecnologia, dan\u00e7a, m\u00fasica, artesanato e passeios culturais. A equipe trabalha para desenvolver habilidades e facilitar o acesso ao mercado de trabalho, al\u00e9m de promover o fortalecimento dos la\u00e7os familiares e oferecer suporte \u00e0s gestantes.<\/p>\n\n\n\n<p><strong>Centro de idosos<\/strong><\/p>\n\n\n\n<p>Finalizando a agenda a primeira-dama visitou ainda o Centro de Idosos Sagrada Fam\u00edlia, outra unidade com apoio estadual e administrada pela OVG, que \u00e9 refer\u00eancia no cuidado de pessoas com mais de 60 anos, respeitando sua integridade f\u00edsica e mental em quatro modalidades distintas.<\/p>\n\n\n\n<p>A unidade oferece diversos servi\u00e7os para os idosos e a\u00e7\u00f5es de assist\u00eancia como a Institui\u00e7\u00e3o de Longa Perman\u00eancia (ILPI), que atende idosos dependentes; e as Casas-Lares que s\u00e3o para aqueles com autonomia funcional. Al\u00e9m disso s\u00e3o realizadas atividades gratuitas, podendo os idosos realizarem hidrogin\u00e1stica, treinamento funcional, musicoterapia, arteterapia e cozinha terap\u00eautica dentre outras.<\/p>\n\n\n\n<p>Ciente da necessidade de aten\u00e7\u00e3o e cuidados com os idosos no Tocantins, Karynne destacou o quanto a visita foi proveitosa e como o modelo pode ser adaptado para a realidade tocantinense. \u201cEstou encantada com o espa\u00e7o, tudo \u00e9 feito com muito cuidado e com extrema qualidade. Conversei com os idosos, vi eles fazendo atividades, em constante tratamento e aten\u00e7\u00e3o e exatamente isso que vou levar pra o Tocantins, pois queremos cuidar dos nossos idosos, ocupa-los, capacitando e oferecendo atividades para o p\u00fablico da melhor idade, pois eles precisam do nosso olhar\u201d, finaliza a primeira-dama Karynne.<\/p>\n\n\n\n<p>Acompanharam a primeira-dama e secret\u00e1ria extraordin\u00e1ria de Participa\u00e7\u00f5es Sociais, a senadora Dorinha Seabra; o secret\u00e1rio de Estado do Trabalho e Desenvolvimento Social (Setas), Jonis Cala\u00e7a; o secret\u00e1rio Extraordin\u00e1rio de Representa\u00e7\u00e3o do Tocantins em Bras\u00edlia, Carlos Manzini; a equipe de Governo do Estado de Goi\u00e1s; e demais autoridades.<br>\u00a0<\/p>\n\n\n\n<p><img src=\"https:\/\/central.to.gov.br\/image\/366332?w=670&amp;h=383\"><\/p>\n\n\n\n<p>Visita da primeira-dama Karynne Sotero ao Centro Sagrada Fam\u00edlia refor\u00e7a compromisso com o bem-estar e qualidade de vida dos idosos &#8211; Loise Maria\/Governo do Tocantins\u00a0<\/p>\n\n\n\n<p><img src=\"https:\/\/central.to.gov.br\/image\/366330?w=670&amp;h=383\"><\/p>\n\n\n\n<p>Secret\u00e1rio Jonis Cala\u00e7a destaca o potencial de coopera\u00e7\u00e3o entre Tocantins e Goi\u00e1s para impulsionar pol\u00edticas sociais &#8211; Loise Maria\/Governo do Tocantins\u00a0<\/p>\n\n\n\n<p><img src=\"https:\/\/central.to.gov.br\/image\/366331?w=670&amp;h=383\"><\/p>\n\n\n\n<p>A a\u00e7\u00f5es sociais j\u00e1 eram executadas pela primeira-dama Gracinha Caiado, desde 2019 &#8211; Loise Maria\/Governo do Tocantins<\/p>\n\n\n\n<p><img src=\"https:\/\/central.to.gov.br\/image\/366329?w=670&amp;h=383\"><\/p>\n\n\n\n<p>Primeira-dama de Goi\u00e1s, Gracinha Caiado, e equipe recebem Karynne Sotero em busca de coopera\u00e7\u00e3o para fortalecer pol\u00edticas sociais &#8211; Loise Maria\/Governo do Tocantins\u00a0<\/p>\n\n\n\n<p><img src=\"https:\/\/central.to.gov.br\/image\/366328?w=670&amp;h=383\"><\/p>\n\n\n\n<p>Primeira-dama Karynne Sotero busca inspira\u00e7\u00e3o no programa Goi\u00e1s Social durante encontro com Gracinha Caiado &#8211; Loise Maria\/Governo do Tocantins&nbsp;<\/p>\n","protected":false},"excerpt":{"rendered":"<p>Bucar parcerias, informa\u00e7\u00f5es e ideias assertivas para melhor aplica\u00e7\u00e3o de pol\u00edticas sociais no Tocantins, foram com esses objetivos que a primeira-dama do Tocantins e secret\u00e1ria extraordin\u00e1ria de Participa\u00e7\u00f5es Sociais, Karynne Sotero, esteve em reuni\u00e3o nesta quinta-feira, 22, no Pal\u00e1cio das Esmeraldas, em Goi\u00e2nia, com \u00e0 primeira-dama de Goi\u00e1s, Gracinha Caiado. O encontro tratou, principalmente, da [&hellip;]<\/p>\n","protected":false},"author":2,"featured_media":18522,"comment_status":"open","ping_status":"open","sticky":false,"template":"","format":"standard","meta":[],"categories":[3],"tags":[13],"_links":{"self":[{"href":"https:\/\/dgospel.com.br\/portal\/index.php\/wp-json\/wp\/v2\/posts\/18521"}],"collection":[{"href":"https:\/\/dgospel.com.br\/portal\/index.php\/wp-json\/wp\/v2\/posts"}],"about":[{"href":"https:\/\/dgospel.com.br\/portal\/index.php\/wp-json\/wp\/v2\/types\/post"}],"author":[{"embeddable":true,"href":"https:\/\/dgospel.com.br\/portal\/index.php\/wp-json\/wp\/v2\/users\/2"}],"replies":[{"embeddable":true,"href":"https:\/\/dgospel.com.br\/portal\/index.php\/wp-json\/wp\/v2\/comments?post=18521"}],"version-history":[{"count":1,"href":"https:\/\/dgospel.com.br\/portal\/index.php\/wp-json\/wp\/v2\/posts\/18521\/revisions"}],"predecessor-version":[{"id":18523,"href":"https:\/\/dgospel.com.br\/portal\/index.php\/wp-json\/wp\/v2\/posts\/18521\/revisions\/18523"}],"wp:featuredmedia":[{"embeddable":true,"href":"https:\/\/dgospel.com.br\/portal\/index.php\/wp-json\/wp\/v2\/media\/18522"}],"wp:attachment":[{"href":"https:\/\/dgospel.com.br\/portal\/index.php\/wp-json\/wp\/v2\/media?parent=18521"}],"wp:term":[{"taxonomy":"category","embeddable":true,"href":"https:\/\/dgospel.com.br\/portal\/index.php\/wp-json\/wp\/v2\/categories?post=18521"},{"taxonomy":"post_tag","embeddable":true,"href":"https:\/\/dgospel.com.br\/portal\/index.php\/wp-json\/wp\/v2\/tags?post=18521"}],"curies":[{"name":"wp","href":"https:\/\/api.w.org\/{rel}","templated":true}]}}