{"id":18524,"date":"2024-02-23T12:58:58","date_gmt":"2024-02-23T15:58:58","guid":{"rendered":"https:\/\/dgospel.com.br\/portal\/?p=18524"},"modified":"2024-02-23T12:59:00","modified_gmt":"2024-02-23T15:59:00","slug":"wajngarten-diz-esperar-700-mil-pessoas-em-ato-na-av-paulista","status":"publish","type":"post","link":"https:\/\/dgospel.com.br\/portal\/index.php\/2024\/02\/23\/wajngarten-diz-esperar-700-mil-pessoas-em-ato-na-av-paulista\/","title":{"rendered":"Wajngarten diz esperar 700 mil pessoas em ato na Av. Paulista"},"content":{"rendered":"\n<p>O advogado e ex-secret\u00e1rio de Comunica\u00e7\u00e3o do ex-presidente Jair Bolsonaro (PL), Fabio Wajngarten, disse que s\u00e3o esperadas mais de 700 mil pessoas no ato convocado na Avenida Paulista, marcado para ocorrer no pr\u00f3ximo domingo (25). A defesa de Bolsonaro informou que espera \u201c500, 600, 700 mil pessoas\u201d, na manifesta\u00e7\u00e3o, e que \u201ca expectativa \u00e9 a melhor poss\u00edvel\u201d.<\/p>\n\n\n\n<p>Al\u00e9m disso, Wajngarten afirmou, tamb\u00e9m, que, at\u00e9 o momento, est\u00e1 confirmada a presen\u00e7a de 100 deputados, 10 a 15 senadores e tr\u00eas governadores. A informa\u00e7\u00e3o foi dada ap\u00f3s depoimento de Bolsonaro \u00e0 Pol\u00edcia Federal (PF), que buscou ouvir os alvos da Opera\u00e7\u00e3o Tempus Veritatis, nesta quinta-feira (22).<\/p>\n\n\n\n<figure class=\"wp-block-image\"><img src=\"https:\/\/static.cdn.pleno.news\/2021\/09\/92529fdc07bda170d1b15905bff694d2851c0a47w-1024x683.jpg\" alt=\"\" class=\"wp-image-798864\"\/><figcaption>Manifesta\u00e7\u00e3o na Avenida Paulista, em S\u00e3o Paulo&nbsp;Foto: EFE\/ Fernando Bizerra<\/figcaption><\/figure>\n\n\n\n<p>Os governadores que confirmaram presen\u00e7a na manifesta\u00e7\u00e3o s\u00e3o: Tarc\u00edsio de Freitas (Republicanos), governador de S\u00e3o Paulo; Ronaldo Caiado (Uni\u00e3o Brasil), governador por Goi\u00e1s, e Jorginho Mello (PL), representante estadual de Santa Catarina. Entre eles, Tarc\u00edsio de Freitas foi o primeiro a confirmar a ida ao ato na Paulista.<\/p>\n\n\n\n<p>Na \u00faltima sexta-feira (16), uma lista com 49 nomes de deputados federais foi divulgada pela equipe de Bolsonaro. Al\u00e9m de parlamentares do PL, Uni\u00e3o Brasil e Republicanos, na listagem, as siglas PP, Podemos e PSD tamb\u00e9m foram citadas. Outros parlamentares que, apesar de n\u00e3o estarem na lista, tamb\u00e9m confirmaram presen\u00e7a, como Nikolas Ferreira (PL-MG), Bia Kicis (PL-DF), H\u00e9lio Lopes (PL-RJ), Julia Zanatta (PL-SC), Marcos Pollon (PL-MS) e Giovani Cherini (PL-RS).<\/p>\n\n\n\n<p>Entre os senadores est\u00e3o: Carlos Portinho (PL-RJ), Magno Maltas (PL-ES) e Jorge Seif (PL-SC). O prefeito de S\u00e3o Paulo, Ricardo Nunes (MDB), tamb\u00e9m confirmou presen\u00e7a que, segundo ele, comparecer ao ato simboliza \u201cgratid\u00e3o\u201d ao ex-presidente, de quem dever\u00e1 ter apoio para sua reelei\u00e7\u00e3o.<\/p>\n\n\n\n<p>Ex-ministros do governo Bolsonaro tamb\u00e9m se manifestaram, como Ciro Nogueira (PP-PI, Casa Civil), Marcos Pontes (PL-SP, Ci\u00eancia e Tecnologia) e Ricardo Salles (PL-SP, Meio Ambiente).<\/p>\n\n\n\n<p>* AE<\/p>\n","protected":false},"excerpt":{"rendered":"<p>O advogado e ex-secret\u00e1rio de Comunica\u00e7\u00e3o do ex-presidente Jair Bolsonaro (PL), Fabio Wajngarten, disse que s\u00e3o esperadas mais de 700 mil pessoas no ato convocado na Avenida Paulista, marcado para ocorrer no pr\u00f3ximo domingo (25). A defesa de Bolsonaro informou que espera \u201c500, 600, 700 mil pessoas\u201d, na manifesta\u00e7\u00e3o, e que \u201ca expectativa \u00e9 a [&hellip;]<\/p>\n","protected":false},"author":2,"featured_media":18525,"comment_status":"open","ping_status":"open","sticky":false,"template":"","format":"standard","meta":[],"categories":[10],"tags":[13],"_links":{"self":[{"href":"https:\/\/dgospel.com.br\/portal\/index.php\/wp-json\/wp\/v2\/posts\/18524"}],"collection":[{"href":"https:\/\/dgospel.com.br\/portal\/index.php\/wp-json\/wp\/v2\/posts"}],"about":[{"href":"https:\/\/dgospel.com.br\/portal\/index.php\/wp-json\/wp\/v2\/types\/post"}],"author":[{"embeddable":true,"href":"https:\/\/dgospel.com.br\/portal\/index.php\/wp-json\/wp\/v2\/users\/2"}],"replies":[{"embeddable":true,"href":"https:\/\/dgospel.com.br\/portal\/index.php\/wp-json\/wp\/v2\/comments?post=18524"}],"version-history":[{"count":1,"href":"https:\/\/dgospel.com.br\/portal\/index.php\/wp-json\/wp\/v2\/posts\/18524\/revisions"}],"predecessor-version":[{"id":18526,"href":"https:\/\/dgospel.com.br\/portal\/index.php\/wp-json\/wp\/v2\/posts\/18524\/revisions\/18526"}],"wp:featuredmedia":[{"embeddable":true,"href":"https:\/\/dgospel.com.br\/portal\/index.php\/wp-json\/wp\/v2\/media\/18525"}],"wp:attachment":[{"href":"https:\/\/dgospel.com.br\/portal\/index.php\/wp-json\/wp\/v2\/media?parent=18524"}],"wp:term":[{"taxonomy":"category","embeddable":true,"href":"https:\/\/dgospel.com.br\/portal\/index.php\/wp-json\/wp\/v2\/categories?post=18524"},{"taxonomy":"post_tag","embeddable":true,"href":"https:\/\/dgospel.com.br\/portal\/index.php\/wp-json\/wp\/v2\/tags?post=18524"}],"curies":[{"name":"wp","href":"https:\/\/api.w.org\/{rel}","templated":true}]}}