{"id":18527,"date":"2024-02-23T13:09:29","date_gmt":"2024-02-23T16:09:29","guid":{"rendered":"https:\/\/dgospel.com.br\/portal\/?p=18527"},"modified":"2024-02-23T13:09:30","modified_gmt":"2024-02-23T16:09:30","slug":"governo-do-tocantins-autoriza-convocacao-de-aprovados-no-concurso-publico-de-pracas-e-oficiais-do-corpo-de-bombeiros-militar","status":"publish","type":"post","link":"https:\/\/dgospel.com.br\/portal\/index.php\/2024\/02\/23\/governo-do-tocantins-autoriza-convocacao-de-aprovados-no-concurso-publico-de-pracas-e-oficiais-do-corpo-de-bombeiros-militar\/","title":{"rendered":"Governo do Tocantins autoriza convoca\u00e7\u00e3o de aprovados no concurso p\u00fablico de Pra\u00e7as e Oficiais do Corpo de Bombeiros Militar"},"content":{"rendered":"\n<p>O governador do Tocantins, Wanderlei Barbosa, autorizou na tarde dessa quinta-feira, 22, a convoca\u00e7\u00e3o de 118 aprovados no Concurso P\u00fablico do Corpo de Bombeiros Militar, para que tomem posse definitivamente no Curso de Forma\u00e7\u00e3o de Pra\u00e7a (CFP), sendo 98 alunos, e no Curso de Forma\u00e7\u00e3o de Oficiais (CFO), com mais 22 alunos. As duas turmas s\u00e3o do \u00faltimo concurso, realizado no in\u00edcio de 2023.<\/p>\n\n\n\n<p>Com a autoriza\u00e7\u00e3o do governador Wanderlei Barbosa, o in\u00edcio do CFO ficou agendado para abril, e o CFP,&nbsp; agendado para maio. Em janeiro, os aprovados em todas as etapas&nbsp; apresentaram a documenta\u00e7\u00e3o necess\u00e1ria junto \u00e0 Diretoria de Gest\u00e3o de Pessoas ( DGP), localizada no Quartel do Comando Geral, em Palmas, para a formaliza\u00e7\u00e3o dos processos para fins de inclus\u00e3o e posse nos quadros da corpora\u00e7\u00e3o.<\/p>\n\n\n\n<p>\u201cCom essa convoca\u00e7\u00e3o a gente pretende resolver uma parte importante das demandas do Corpo de Bombeiros Militar, que assim pode dar continuidade \u00e0 sua estrutura\u00e7\u00e3o. Estamos instalando a Companhia em Guara\u00ed, que vai necessitar de um quadro significativo e, para isso, ter\u00e1 que mexer na estrutura atual para formar a nova equipe. Ent\u00e3o, nada mais justo que autorizar os aprovados para tomar posse e iniciar seus cursos\u201d, justificou Wanderlei Barbosa.<\/p>\n\n\n\n<p>O comandante-geral do CBMTO, coronel Peterson Queiroz de Ornelas, estava com o governador Wanderlei Barbosa no momento do an\u00fancio. O ato \u00e9 uma vit\u00f3ria que a corpora\u00e7\u00e3o inteira celebra e reconhece na pessoa do chefe do Executivo Estadual.<\/p>\n\n\n\n<p>\u201cEssa etapa era muito aguardada por todos n\u00f3s do CBMTO, pois \u00e9 mais um ciclo que se fecha e que nos deixa pr\u00f3ximos de ver duas novas turmas se engajando em seus cursos e tomando posse para o trabalho. \u00c9 o reflexo do crescimento e da expans\u00e3o da nossa corpora\u00e7\u00e3o. Queremos agradecer muito o governador Wanderlei Barbosa, que se mostrou sens\u00edvel \u00e0 nossa causa e autorizou o chamamento dos aprovados\u201d, destacou o comandante-geral do CBMTO, coronel Peterson Queiroz de Ornelas.<\/p>\n\n\n\n<p>Outra novidade ser\u00e1 a forma\u00e7\u00e3o dos Cadetes,&nbsp;que, pela primeira vez na hist\u00f3ria do CBMTO, ser\u00e1 em Palmas. A execu\u00e7\u00e3o das instru\u00e7\u00f5es ser\u00e1 feita pela pr\u00f3pria corpora\u00e7\u00e3o, por meio de sua Academia de Forma\u00e7\u00e3o.&nbsp;<\/p>\n\n\n\n<p>Desta forma, n\u00e3o haver\u00e1 a necessidade de os futuros oficiais se deslocarem para outras cidades do pa\u00eds ao longo dos pr\u00f3ximos dois anos.<\/p>\n\n\n\n<p><img src=\"https:\/\/central.to.gov.br\/image\/366400?w=670&amp;h=383\"><\/p>\n\n\n\n<p>Governador do Tocantins, Wanderlei Barbosa; deputado estadual, L\u00e9o Barbosa; e o comandante-geral do CBMTO, coronel Peterson Queiroz de Ornelas, anunciam a convoca\u00e7\u00e3o de aprovados no Concurso P\u00fablico do Corpo de Bombeiros &#8211; Esequias Ara\u00fajo\/Governo do Tocantins\u00a0<\/p>\n","protected":false},"excerpt":{"rendered":"<p>O governador do Tocantins, Wanderlei Barbosa, autorizou na tarde dessa quinta-feira, 22, a convoca\u00e7\u00e3o de 118 aprovados no Concurso P\u00fablico do Corpo de Bombeiros Militar, para que tomem posse definitivamente no Curso de Forma\u00e7\u00e3o de Pra\u00e7a (CFP), sendo 98 alunos, e no Curso de Forma\u00e7\u00e3o de Oficiais (CFO), com mais 22 alunos. As duas turmas [&hellip;]<\/p>\n","protected":false},"author":2,"featured_media":18528,"comment_status":"open","ping_status":"open","sticky":false,"template":"","format":"standard","meta":[],"categories":[3],"tags":[13],"_links":{"self":[{"href":"https:\/\/dgospel.com.br\/portal\/index.php\/wp-json\/wp\/v2\/posts\/18527"}],"collection":[{"href":"https:\/\/dgospel.com.br\/portal\/index.php\/wp-json\/wp\/v2\/posts"}],"about":[{"href":"https:\/\/dgospel.com.br\/portal\/index.php\/wp-json\/wp\/v2\/types\/post"}],"author":[{"embeddable":true,"href":"https:\/\/dgospel.com.br\/portal\/index.php\/wp-json\/wp\/v2\/users\/2"}],"replies":[{"embeddable":true,"href":"https:\/\/dgospel.com.br\/portal\/index.php\/wp-json\/wp\/v2\/comments?post=18527"}],"version-history":[{"count":1,"href":"https:\/\/dgospel.com.br\/portal\/index.php\/wp-json\/wp\/v2\/posts\/18527\/revisions"}],"predecessor-version":[{"id":18529,"href":"https:\/\/dgospel.com.br\/portal\/index.php\/wp-json\/wp\/v2\/posts\/18527\/revisions\/18529"}],"wp:featuredmedia":[{"embeddable":true,"href":"https:\/\/dgospel.com.br\/portal\/index.php\/wp-json\/wp\/v2\/media\/18528"}],"wp:attachment":[{"href":"https:\/\/dgospel.com.br\/portal\/index.php\/wp-json\/wp\/v2\/media?parent=18527"}],"wp:term":[{"taxonomy":"category","embeddable":true,"href":"https:\/\/dgospel.com.br\/portal\/index.php\/wp-json\/wp\/v2\/categories?post=18527"},{"taxonomy":"post_tag","embeddable":true,"href":"https:\/\/dgospel.com.br\/portal\/index.php\/wp-json\/wp\/v2\/tags?post=18527"}],"curies":[{"name":"wp","href":"https:\/\/api.w.org\/{rel}","templated":true}]}}