{"id":18551,"date":"2024-02-27T11:56:19","date_gmt":"2024-02-27T14:56:19","guid":{"rendered":"https:\/\/dgospel.com.br\/portal\/?p=18551"},"modified":"2024-02-27T11:56:20","modified_gmt":"2024-02-27T14:56:20","slug":"estadao-afirma-que-lula-precisa-pedir-desculpas-ao-povo-judeu","status":"publish","type":"post","link":"https:\/\/dgospel.com.br\/portal\/index.php\/2024\/02\/27\/estadao-afirma-que-lula-precisa-pedir-desculpas-ao-povo-judeu\/","title":{"rendered":"Estad\u00e3o afirma que Lula precisa pedir desculpas ao povo judeu"},"content":{"rendered":"\n<p>O jornal O Estado de S\u00e3o Paulo voltou a comentar, nesta ter\u00e7a-feira (27), o imbr\u00f3glio diplom\u00e1tico criado pelo presidente&nbsp;<a href=\"http:\/\/pleno.news\/tag\/lula\" target=\"_blank\" rel=\"noreferrer noopener\">Luiz In\u00e1cio Lula da Silva<\/a>&nbsp;(PT) com a declara\u00e7\u00e3o do petista que comparou o conflito entre Israel e&nbsp;<a href=\"http:\/\/pleno.news\/tag\/hamas\" target=\"_blank\" rel=\"noreferrer noopener\">Hamas<\/a>&nbsp;na Faixa de Gaza com o massacre de judeus pelos nazistas. Em um novo editorial, o ve\u00edculo disse que o chefe do Executivo precisa pedir desculpas ao povo judeu.<\/p>\n\n\n\n<p>\u2013 Lula pode at\u00e9 se recusar a se retratar perante o governo israelense, dada a grosseria com que foi tratado, mas ainda precisa pedir desculpas ao povo judeu. A um s\u00f3 tempo, Lula demonstraria grandeza e esvaziaria a crise. Mas a soberba parece falar mais alto \u2013 declarou o jornal.<\/p>\n\n\n\n<p>No texto, intitulado&nbsp;<em>Lula precisa se desculpar<\/em>, o Estad\u00e3o chamou a declara\u00e7\u00e3o de Lula de \u201crepugnante\u201d e afirmou que \u201cnem a hist\u00f3ria dever\u00e1 preservar o presidente do julgamento moral por ter ultrapassado a fronteira do antissemitismo e do desconhecimento dos fatos\u201d. O peri\u00f3dico tamb\u00e9m disse que Lula ofendeu \u201ctodos os cidad\u00e3os de consci\u00eancia justa e humanista\u201d.<\/p>\n\n\n\n<p>\u2013 Acostumado a enxergar o mundo segundo os estreitos limites de seu umbigo, e com a convic\u00e7\u00e3o de que \u00e9 moralmente superior por se considerar a encarna\u00e7\u00e3o do \u201cpovo\u201d, Lula pode achar que as rea\u00e7\u00f5es cr\u00edticas a ele se restringem a extremistas, direitistas, conspiradores, imperialistas do Norte e elites do Sul. N\u00e3o. A lista de atingidos \u00e9 muito mais extensa \u2013 ressaltou o Estad\u00e3o.<\/p>\n\n\n\n<p>Por fim, o ve\u00edculo disse que a contri\u00e7\u00e3o de Lula \u201cser\u00e1 o \u00fanico modo de atenuar os efeitos de sua absurda declara\u00e7\u00e3o, mostrar que est\u00e1 genuinamente interessado na paz e se desculpar por uma compara\u00e7\u00e3o que, na pr\u00e1tica, desmereceu o sofrimento de milh\u00f5es de judeus, seus descendentes e todas as pessoas solid\u00e1rias mundo afora\u201d.<\/p>\n","protected":false},"excerpt":{"rendered":"<p>O jornal O Estado de S\u00e3o Paulo voltou a comentar, nesta ter\u00e7a-feira (27), o imbr\u00f3glio diplom\u00e1tico criado pelo presidente&nbsp;Luiz In\u00e1cio Lula da Silva&nbsp;(PT) com a declara\u00e7\u00e3o do petista que comparou o conflito entre Israel e&nbsp;Hamas&nbsp;na Faixa de Gaza com o massacre de judeus pelos nazistas. Em um novo editorial, o ve\u00edculo disse que o chefe [&hellip;]<\/p>\n","protected":false},"author":2,"featured_media":18552,"comment_status":"open","ping_status":"open","sticky":false,"template":"","format":"standard","meta":[],"categories":[10],"tags":[],"_links":{"self":[{"href":"https:\/\/dgospel.com.br\/portal\/index.php\/wp-json\/wp\/v2\/posts\/18551"}],"collection":[{"href":"https:\/\/dgospel.com.br\/portal\/index.php\/wp-json\/wp\/v2\/posts"}],"about":[{"href":"https:\/\/dgospel.com.br\/portal\/index.php\/wp-json\/wp\/v2\/types\/post"}],"author":[{"embeddable":true,"href":"https:\/\/dgospel.com.br\/portal\/index.php\/wp-json\/wp\/v2\/users\/2"}],"replies":[{"embeddable":true,"href":"https:\/\/dgospel.com.br\/portal\/index.php\/wp-json\/wp\/v2\/comments?post=18551"}],"version-history":[{"count":1,"href":"https:\/\/dgospel.com.br\/portal\/index.php\/wp-json\/wp\/v2\/posts\/18551\/revisions"}],"predecessor-version":[{"id":18553,"href":"https:\/\/dgospel.com.br\/portal\/index.php\/wp-json\/wp\/v2\/posts\/18551\/revisions\/18553"}],"wp:featuredmedia":[{"embeddable":true,"href":"https:\/\/dgospel.com.br\/portal\/index.php\/wp-json\/wp\/v2\/media\/18552"}],"wp:attachment":[{"href":"https:\/\/dgospel.com.br\/portal\/index.php\/wp-json\/wp\/v2\/media?parent=18551"}],"wp:term":[{"taxonomy":"category","embeddable":true,"href":"https:\/\/dgospel.com.br\/portal\/index.php\/wp-json\/wp\/v2\/categories?post=18551"},{"taxonomy":"post_tag","embeddable":true,"href":"https:\/\/dgospel.com.br\/portal\/index.php\/wp-json\/wp\/v2\/tags?post=18551"}],"curies":[{"name":"wp","href":"https:\/\/api.w.org\/{rel}","templated":true}]}}