{"id":18561,"date":"2024-02-27T12:14:52","date_gmt":"2024-02-27T15:14:52","guid":{"rendered":"https:\/\/dgospel.com.br\/portal\/?p=18561"},"modified":"2024-02-27T12:14:53","modified_gmt":"2024-02-27T15:14:53","slug":"bolsonaro-e-retratado-como-o-maior-lider-politico-pela-imprensa-internacional-apos-ato-na-avenida-paulista","status":"publish","type":"post","link":"https:\/\/dgospel.com.br\/portal\/index.php\/2024\/02\/27\/bolsonaro-e-retratado-como-o-maior-lider-politico-pela-imprensa-internacional-apos-ato-na-avenida-paulista\/","title":{"rendered":"Bolsonaro \u00e9 retratado como o maior l\u00edder pol\u00edtico pela imprensa internacional ap\u00f3s ato na Avenida Paulista"},"content":{"rendered":"\n<p>O movimento pr\u00f3-democracia liderado pelo ex-presidente Jair Bolsonaro, que levou milhares \u00e0 Avenida Paulista no domingo (25), ganhou destaque na imprensa global. Grandes ve\u00edculos de comunica\u00e7\u00e3o ao redor do mundo cobriram a manifesta\u00e7\u00e3o, onde Bolsonaro e seus aliados discutiram democracia, liberdade e futuras dire\u00e7\u00f5es para o Brasil.<\/p>\n\n\n\n<p>O \u201cThe Times of Israel\u201d apreciou a a\u00e7\u00e3o de Bolsonaro ao exibir a bandeira israelense no in\u00edcio de seu discurso, interpretando-a como uma firme rejei\u00e7\u00e3o \u00e0s compara\u00e7\u00f5es de Lula entre as opera\u00e7\u00f5es israelenses em Gaza e o Holocausto, real\u00e7ando ainda a conex\u00e3o entre Bolsonaro e o primeiro-ministro israelense, Benjamin Netanyahu.<\/p>\n\n\n\n<p>Segundo a BBC News, Bolsonaro se mant\u00e9m como a principal influ\u00eancia da direita brasileira, apesar das v\u00e1rias acusa\u00e7\u00f5es que enfrenta.<\/p>\n\n\n\n<p>Relatos da Reuters, divulgados por \u201cThe Guardian\u201d, \u201cEl Pa\u00eds\u201d e \u201cClar\u00edn\u201d, mencionam que \u201ccentenas de milhares\u201d de apoiadores se juntaram para expressar suporte a Bolsonaro, descrito por esses meios como um \u201cl\u00edder de extrema direita\u201d em oposi\u00e7\u00e3o a Lula, categorizado como \u201ccentro-esquerda\u201d.<\/p>\n\n\n\n<p>\u201cClar\u00edn\u201d, da Argentina, destacou a popularidade de Bolsonaro, evidenciada em uma grande manifesta\u00e7\u00e3o contra as acusa\u00e7\u00f5es de golpismo.<\/p>\n\n\n\n<p>A AFP reportou que \u201cmilhares\u201d protestaram em favor de Bolsonaro, em meio a uma \u201ctempestade legal\u201d.<\/p>\n\n\n\n<p>\u201cLe Figaro\u201d, da Fran\u00e7a, reportou que \u201cdezenas de milhares\u201d se reuniram em S\u00e3o Paulo em apoio a Bolsonaro, testando sua popularidade em meio a esc\u00e2ndalos de \u201ctentativa de golpe de Estado\u201d.<\/p>\n\n\n\n<p>\u201cLe Monde\u201d, outro franc\u00eas, observou que, a despeito das acusa\u00e7\u00f5es legais, Bolsonaro mant\u00e9m sua popularidade.<\/p>\n\n\n\n<p>Bloomberg ressaltou Bolsonaro liderando uma manifesta\u00e7\u00e3o no cora\u00e7\u00e3o da maior cidade brasileira, visando demonstrar for\u00e7a contra advers\u00e1rios pol\u00edticos e a Suprema Corte, enquanto enfrenta uma s\u00e9rie de desafios legais, mencionando a presen\u00e7a de 750 mil pessoas no evento\u200b\u200b.<\/p>\n","protected":false},"excerpt":{"rendered":"<p>O movimento pr\u00f3-democracia liderado pelo ex-presidente Jair Bolsonaro, que levou milhares \u00e0 Avenida Paulista no domingo (25), ganhou destaque na imprensa global. Grandes ve\u00edculos de comunica\u00e7\u00e3o ao redor do mundo cobriram a manifesta\u00e7\u00e3o, onde Bolsonaro e seus aliados discutiram democracia, liberdade e futuras dire\u00e7\u00f5es para o Brasil. O \u201cThe Times of Israel\u201d apreciou a a\u00e7\u00e3o [&hellip;]<\/p>\n","protected":false},"author":2,"featured_media":18562,"comment_status":"open","ping_status":"open","sticky":false,"template":"","format":"standard","meta":[],"categories":[4],"tags":[13],"_links":{"self":[{"href":"https:\/\/dgospel.com.br\/portal\/index.php\/wp-json\/wp\/v2\/posts\/18561"}],"collection":[{"href":"https:\/\/dgospel.com.br\/portal\/index.php\/wp-json\/wp\/v2\/posts"}],"about":[{"href":"https:\/\/dgospel.com.br\/portal\/index.php\/wp-json\/wp\/v2\/types\/post"}],"author":[{"embeddable":true,"href":"https:\/\/dgospel.com.br\/portal\/index.php\/wp-json\/wp\/v2\/users\/2"}],"replies":[{"embeddable":true,"href":"https:\/\/dgospel.com.br\/portal\/index.php\/wp-json\/wp\/v2\/comments?post=18561"}],"version-history":[{"count":1,"href":"https:\/\/dgospel.com.br\/portal\/index.php\/wp-json\/wp\/v2\/posts\/18561\/revisions"}],"predecessor-version":[{"id":18563,"href":"https:\/\/dgospel.com.br\/portal\/index.php\/wp-json\/wp\/v2\/posts\/18561\/revisions\/18563"}],"wp:featuredmedia":[{"embeddable":true,"href":"https:\/\/dgospel.com.br\/portal\/index.php\/wp-json\/wp\/v2\/media\/18562"}],"wp:attachment":[{"href":"https:\/\/dgospel.com.br\/portal\/index.php\/wp-json\/wp\/v2\/media?parent=18561"}],"wp:term":[{"taxonomy":"category","embeddable":true,"href":"https:\/\/dgospel.com.br\/portal\/index.php\/wp-json\/wp\/v2\/categories?post=18561"},{"taxonomy":"post_tag","embeddable":true,"href":"https:\/\/dgospel.com.br\/portal\/index.php\/wp-json\/wp\/v2\/tags?post=18561"}],"curies":[{"name":"wp","href":"https:\/\/api.w.org\/{rel}","templated":true}]}}