{"id":18564,"date":"2024-02-27T12:19:41","date_gmt":"2024-02-27T15:19:41","guid":{"rendered":"https:\/\/dgospel.com.br\/portal\/?p=18564"},"modified":"2024-02-27T12:19:42","modified_gmt":"2024-02-27T15:19:42","slug":"ninguem-separa-nosso-povo-nem-mesmo-voce-diz-chanceler-de-israel-para-lula","status":"publish","type":"post","link":"https:\/\/dgospel.com.br\/portal\/index.php\/2024\/02\/27\/ninguem-separa-nosso-povo-nem-mesmo-voce-diz-chanceler-de-israel-para-lula\/","title":{"rendered":"\u201cNingu\u00e9m separa nosso povo, nem mesmo voc\u00ea\u201d, diz chanceler de Israel para Lula"},"content":{"rendered":"\n<p>O Ministro de Rela\u00e7\u00f5es Exteriores de Israel, Israel Katz, intensificou a troca de farpas com o presidente brasileiro Lula (PT) atrav\u00e9s das redes sociais, ao divulgar uma ilustra\u00e7\u00e3o que simboliza a uni\u00e3o entre brasileiros e israelenses, acompanhada da declara\u00e7\u00e3o de que ningu\u00e9m, nem mesmo o l\u00edder do PT, poder\u00e1 dividir os dois povos.<\/p>\n\n\n\n<p>A postagem de Katz, redigida em hebraico, marca o \u00e1pice de uma semana tensa nas rela\u00e7\u00f5es diplom\u00e1ticas entre o governo do presidente Lula e o de Benjamin Netanyahu, desencadeada por coment\u00e1rios do presidente brasileiro. Lula fez uma compara\u00e7\u00e3o controversa entre as a\u00e7\u00f5es militares de Israel contra o Hamas em Gaza e o Holocausto perpetrado por Adolf Hitler durante a Segunda Guerra Mundial.<\/p>\n\n\n\n<p>Lula, que foi declarado \u2018persona non grata\u2019 em Israel por suas declara\u00e7\u00f5es, viu-se sob press\u00e3o de Netanyahu e Katz para se retratar. Katz intensificou as cr\u00edticas, classificando as compara\u00e7\u00f5es de Lula como \u201cprom\u00edscuas, delirantes e um desrespeito aos judeus brasileiros\u201d, chegando a oferecer uma li\u00e7\u00e3o de hist\u00f3ria, em portugu\u00eas, sobre as atrocidades cometidas pelo regime nazista, que resultou na morte de seis milh\u00f5es de judeus.<\/p>\n\n\n\n<p>Ademais, o chanceler refutou as afirma\u00e7\u00f5es de Lula sobre as rea\u00e7\u00f5es de Israel \u00e0s a\u00e7\u00f5es do Hamas, que resultaram na morte de 1,4 mil civis israelenses em 7 de outubro de 2023. A crise entre os pa\u00edses foi agravada por uma repreens\u00e3o formal de Israel ao Brasil, realizada no Museu do Holocausto, e comunicada ao embaixador brasileiro em Tel Aviv, Frederico Meyer. Lula baseou suas compara\u00e7\u00f5es na informa\u00e7\u00e3o, fornecida pelo \u201cMinist\u00e9rio da Sa\u00fade\u201d do Hamas, de que aproximadamente 30 mil civis foram mortos em Gaza.<\/p>\n","protected":false},"excerpt":{"rendered":"<p>O Ministro de Rela\u00e7\u00f5es Exteriores de Israel, Israel Katz, intensificou a troca de farpas com o presidente brasileiro Lula (PT) atrav\u00e9s das redes sociais, ao divulgar uma ilustra\u00e7\u00e3o que simboliza a uni\u00e3o entre brasileiros e israelenses, acompanhada da declara\u00e7\u00e3o de que ningu\u00e9m, nem mesmo o l\u00edder do PT, poder\u00e1 dividir os dois povos. A postagem [&hellip;]<\/p>\n","protected":false},"author":2,"featured_media":18565,"comment_status":"open","ping_status":"open","sticky":false,"template":"","format":"standard","meta":[],"categories":[11,12,16],"tags":[],"_links":{"self":[{"href":"https:\/\/dgospel.com.br\/portal\/index.php\/wp-json\/wp\/v2\/posts\/18564"}],"collection":[{"href":"https:\/\/dgospel.com.br\/portal\/index.php\/wp-json\/wp\/v2\/posts"}],"about":[{"href":"https:\/\/dgospel.com.br\/portal\/index.php\/wp-json\/wp\/v2\/types\/post"}],"author":[{"embeddable":true,"href":"https:\/\/dgospel.com.br\/portal\/index.php\/wp-json\/wp\/v2\/users\/2"}],"replies":[{"embeddable":true,"href":"https:\/\/dgospel.com.br\/portal\/index.php\/wp-json\/wp\/v2\/comments?post=18564"}],"version-history":[{"count":1,"href":"https:\/\/dgospel.com.br\/portal\/index.php\/wp-json\/wp\/v2\/posts\/18564\/revisions"}],"predecessor-version":[{"id":18566,"href":"https:\/\/dgospel.com.br\/portal\/index.php\/wp-json\/wp\/v2\/posts\/18564\/revisions\/18566"}],"wp:featuredmedia":[{"embeddable":true,"href":"https:\/\/dgospel.com.br\/portal\/index.php\/wp-json\/wp\/v2\/media\/18565"}],"wp:attachment":[{"href":"https:\/\/dgospel.com.br\/portal\/index.php\/wp-json\/wp\/v2\/media?parent=18564"}],"wp:term":[{"taxonomy":"category","embeddable":true,"href":"https:\/\/dgospel.com.br\/portal\/index.php\/wp-json\/wp\/v2\/categories?post=18564"},{"taxonomy":"post_tag","embeddable":true,"href":"https:\/\/dgospel.com.br\/portal\/index.php\/wp-json\/wp\/v2\/tags?post=18564"}],"curies":[{"name":"wp","href":"https:\/\/api.w.org\/{rel}","templated":true}]}}