{"id":18567,"date":"2024-02-29T09:11:54","date_gmt":"2024-02-29T12:11:54","guid":{"rendered":"https:\/\/dgospel.com.br\/portal\/?p=18567"},"modified":"2024-02-29T09:11:55","modified_gmt":"2024-02-29T12:11:55","slug":"com-investimento-de-r-8-milhoes-governo-do-tocantins-lanca-alfabetiza-mais-to","status":"publish","type":"post","link":"https:\/\/dgospel.com.br\/portal\/index.php\/2024\/02\/29\/com-investimento-de-r-8-milhoes-governo-do-tocantins-lanca-alfabetiza-mais-to\/","title":{"rendered":"Com investimento de R$ 8 milh\u00f5es, Governo do Tocantins lan\u00e7a Alfabetiza Mais TO"},"content":{"rendered":"\n<p>A educa\u00e7\u00e3o dos 139 munic\u00edpios tocantinenses ganhou uma nova aliada no processo de alfabetiza\u00e7\u00e3o das crian\u00e7as nos primeiros anos escolares com o investimento de R$ 8 milh\u00f5es no&nbsp;<em>Alfabetiza Mais Tocantins: Compromisso Tocantinense Crian\u00e7a Alfabetizad<\/em>a, lan\u00e7ado pelo governador Wanderlei Barbosa, por meio da Secretaria de Estado da Educa\u00e7\u00e3o (Seduc). O lan\u00e7amento do programa ocorreu na manh\u00e3 desta quarta-feira, 28, no audit\u00f3rio da Escola Estadual Professora Eliz\u00e2ngela Gl\u00f3ria Cardoso, em Palmas, e contou com a presen\u00e7a da secret\u00e1ria-executiva do Minist\u00e9rio da Educa\u00e7\u00e3o (MEC), Izolda Cela; e do presidente do Instituto Nacional de Estudos e Pesquisas Educacionais An\u00edsio Teixeira (Inep), Manuel Palacios.<\/p>\n\n\n\n<p>Na ocasi\u00e3o, o governador Wanderlei Barbosa e o secret\u00e1rio de Estado da Educa\u00e7\u00e3o, F\u00e1bio Vaz, assinaram um termo de compromisso com o presidente da Associa\u00e7\u00e3o Tocantinense de Munic\u00edpios (ATM), Diogo Borges, representando todos os 139 munic\u00edpios do Tocantins. Esta \u00e9 uma a\u00e7\u00e3o da Lei n\u00b0 4.220\/2023, que institui o programa de fortalecimento da educa\u00e7\u00e3o, em regime de colabora\u00e7\u00e3o com as redes p\u00fablicas de ensino do estado do Tocantins.<\/p>\n\n\n\n<p>Wanderlei Barbosa esclareceu que o&nbsp;<em>Alfabetiza Mais Tocantins<\/em>&nbsp;tem como objetivo garantir que os estudantes do ensino fundamental consigam concluir o 2\u00b0 ano j\u00e1 lendo, compreendendo e interpretando textos. \u201cNosso objetivo \u00e9 estar com o aluno na sala de aula para que, no tempo e na idade certa, ele consiga ler e escrever sem preju\u00edzo algum. Essa integra\u00e7\u00e3o entre estado, munic\u00edpios e governo federal representa uma educa\u00e7\u00e3o integrada, com a qual buscaremos melhorar, sempre, nossos indicadores\u201d, afirmou o governador do Tocantins, ao citar a\u00e7\u00f5es de sua gest\u00e3o que refletem seu cuidado para com a educa\u00e7\u00e3o tocantinense, desde reformas e entregas de novas unidades escolares at\u00e9 o pagamento dos direitos garantidos dos profissionais da educa\u00e7\u00e3o.<\/p>\n\n\n\n<p><strong>Compromisso<\/strong><\/p>\n\n\n\n<p>O<em>&nbsp;Alfabetiza Mais Tocantins: Compromisso Tocantinense Crian\u00e7a Alfabetizada<\/em>&nbsp;tem o desafio de alfabetizar todas as crian\u00e7as das escolas p\u00fablicas tocantinenses at\u00e9 o final do 2\u00b0 ano do ensino fundamental, unindo esfor\u00e7os entre os governos federal, estadual e os 139 munic\u00edpios. Entre as estrat\u00e9gias previstas est\u00e3o a oferta de Forma\u00e7\u00e3o Continuada para os profissionais; a concess\u00e3o de bolsas para articuladores e formadores; e a entrega de material estruturado para professores e estudantes, al\u00e9m de premia\u00e7\u00e3o para boas pr\u00e1ticas. Ser\u00e3o investidos R$ 8 milh\u00f5es para atender mais de 56 mil estudantes e 2 mil professores do 1\u00b0 e do 2\u00b0 ano do ensino fundamental e 1.300 professores do 5\u00b0 ano do ensino fundamental. Na educa\u00e7\u00e3o infantil\/pr\u00e9-escola, ser\u00e3o beneficiadas 22 mil crian\u00e7as e cerca de 2.300 professores.&nbsp;<\/p>\n\n\n\n<p>Para o secret\u00e1rio F\u00e1bio Vaz, a uni\u00e3o entre os entes \u00e9 imprescind\u00edvel para solucionar problem\u00e1ticas concernentes ao d\u00e9ficit de alfabetiza\u00e7\u00e3o, que cresceu ap\u00f3s o per\u00edodo pand\u00eamico. \u201cN\u00f3s trabalhamos com a educa\u00e7\u00e3o de territ\u00f3rio. N\u00e3o \u00e9 apenas com as 500 escolas estaduais, mas sim com as 1.400 escolas p\u00fablicas presentes em todo o Tocantins. \u00c9 um trabalho de territ\u00f3rio que lan\u00e7a um olhar para o aluno que, atualmente, est\u00e1 na rede municipal, mas amanh\u00e3 estar\u00e1 na rede estadual. Esse \u00e9 o filho do Tocantins e n\u00f3s precisamos qualific\u00e1-lo da melhor forma poss\u00edvel\u201d, afirmou.<\/p>\n\n\n\n<p><strong>Parceria Federal<\/strong><\/p>\n\n\n\n<p>O programa&nbsp;<em>Alfabetiza Mais Tocantins<\/em>&nbsp;integra o Compromisso Nacional Crian\u00e7a Alfabetizada e conta com a colabora\u00e7\u00e3o t\u00e9cnica e financeira do MEC. Presente no lan\u00e7amento do programa, a secret\u00e1ria-executiva do MEC, Izolda Cela, deixou um legado positivo na alfabetiza\u00e7\u00e3o das crian\u00e7as no Cear\u00e1, estado em que ela foi secret\u00e1ria de Estado da Educa\u00e7\u00e3o e governadora. Em 2019, de acordo com os dados do Sistema Permanente de Avalia\u00e7\u00e3o da Educa\u00e7\u00e3o B\u00e1sica do Estado do Cear\u00e1 (Spaece), pela primeira vez na hist\u00f3ria, todos os 184 munic\u00edpios cearenses atingiram o n\u00edvel desejado de alfabetiza\u00e7\u00e3o. Al\u00e9m disso, 92,7% das crian\u00e7as cearenses estavam alfabetizadas ao t\u00e9rmino da alfabetiza\u00e7\u00e3o. Tudo isso por meio do Programa de Alfabetiza\u00e7\u00e3o na Idade Certa (Paic),&nbsp;institu\u00eddo na sua gest\u00e3o como secret\u00e1ria, com a meta de alfabetizar todas as crian\u00e7as cearenses at\u00e9 os sete anos de idade, por meio de um regime de coopera\u00e7\u00e3o entre estado e munic\u00edpios.<\/p>\n\n\n\n<p>\u201cO lan\u00e7amento do programa&nbsp;<em>Alfabetiza Mais Tocantins&nbsp;<\/em>\u00e9 um exemplo vivo e real daquilo que o Minist\u00e9rio pretende apoiar, colaborar, compartilhar tecnicamente e financeiramente para que n\u00f3s tenhamos uma transforma\u00e7\u00e3o vigorosa nos indicadores educacionais do Pa\u00eds\u201d, assegurou Izolda Cela. Tendo sua experi\u00eancia no Cear\u00e1 como norte, ela garantiu que o regime de colabora\u00e7\u00e3o \u00e9 a estrat\u00e9gia fundamental para que as coisas deem certo. \u201cO protagonismo \u00e9 do Governo do Tocantins, por meio da Secretaria de Estado da Educa\u00e7\u00e3o, e apoiado pelo Compromisso Nacional Crian\u00e7a Alfabetizada. Isso \u00e9 um chamamento para todos os outros estados se organizarem. Estou muito feliz em ver todo esse movimento aqui no Tocantins, forte e vigoroso, que precisamos no pa\u00eds inteiro\u201d, elogiou.<\/p>\n\n\n\n<p>Tamb\u00e9m presente no evento, o presidente do Inep, Manuel Palacios, salientou que a meta \u00e9 que todas as crian\u00e7as estejam alfabetizadas at\u00e9 2030. \u201cA expectativa \u00e9 de que tenhamos, muito rapidamente, todas as crian\u00e7as alfabetizadas at\u00e9 o final do 2\u00b0 ano. A meta nacional \u00e9 2030, mas acredito que o Tocantins alcan\u00e7ar\u00e1 muito antes desse prazo final\u201d, projetou o presidente, que complementou: \u201co essencial para o \u00eaxito do programa \u00e9 que o Estado e os munic\u00edpios trabalhem muito pr\u00f3ximos, com estreita colabora\u00e7\u00e3o. A oferta do ensino fundamental \u00e9 basicamente municipal, ent\u00e3o o que importa \u00e9 que todos trabalhem juntos e que a Uni\u00e3o contribua com recursos e suporte t\u00e9cnico\u201d, finalizou.<\/p>\n\n\n\n<p>Estiveram ainda presentes no evento o diretor da Associa\u00e7\u00e3o Bem Comum, Jos\u00e9 Clodoveu de Arruda Coelho Neto (Veveu); o deputado estadual Valdemar J\u00fanior, representando a Assembleia Legislativa do Tocantins (Aleto); e 36 prefeitos municipais, refor\u00e7ando o compromisso de todos os munic\u00edpios em adotar o\u00a0<em>Alfabetiza Mais Tocantins<\/em>.<\/p>\n\n\n\n<p><img src=\"https:\/\/central.to.gov.br\/image\/366953?w=670&amp;h=383\"><\/p>\n\n\n\n<p>\u201cA integra\u00e7\u00e3o entre estado, munic\u00edpios e governo federal representa uma educa\u00e7\u00e3o integrada, com a qual buscaremos melhorar, sempre, nossos indicadores\u201d, afirmou o governador do Tocantins, Wanderlei Barbosa &#8211; Adilvan Nogueira\/Governo do Tocantins\u00a0<\/p>\n\n\n\n<p><img src=\"https:\/\/central.to.gov.br\/image\/366954?w=670&amp;h=383\"><\/p>\n\n\n\n<p>Na ocasi\u00e3o, o governador Wanderlei Barbosa e o secret\u00e1rio de Estado da Educa\u00e7\u00e3o, F\u00e1bio Vaz, assinaram um termo de compromisso com o presidente da Associa\u00e7\u00e3o Tocantinense de Munic\u00edpios (ATM), Diogo Borges, representando todos os 139 munic\u00edpios do Tocantins &#8211; Adilvan Nogueira\/Governo do Tocantins\u00a0<\/p>\n\n\n\n<p><img src=\"https:\/\/central.to.gov.br\/image\/366955?w=670&amp;h=383\"><\/p>\n\n\n\n<p>Para o secret\u00e1rio de Estado da Educa\u00e7\u00e3o, F\u00e1bio Vaz, a uni\u00e3o entre os entes \u00e9 imprescind\u00edvel para solucionar problem\u00e1ticas concernentes ao d\u00e9ficit de alfabetiza\u00e7\u00e3o, que cresceu ap\u00f3s o per\u00edodo pand\u00eamico &#8211; Adilvan Nogueira\/Governo do Tocantins\u00a0<\/p>\n\n\n\n<p><img src=\"https:\/\/central.to.gov.br\/image\/366950?w=670&amp;h=383\"><\/p>\n\n\n\n<p>A secret\u00e1ria-executiva do MEC, Izolda Cela, j\u00e1 foi secret\u00e1ria de Educa\u00e7\u00e3o e governadora no Estado do Cear\u00e1 e deixou um legado positivo com programa semelhante &#8211; Adilvan Nogueira\/Governo do Tocantins\u00a0<\/p>\n\n\n\n<p><img src=\"https:\/\/central.to.gov.br\/image\/366947?w=670&amp;h=383\"><\/p>\n\n\n\n<p>\u201cA expectativa \u00e9 que tenhamos, muito rapidamente, todas as crian\u00e7as alfabetizadas at\u00e9 o final do 2\u00b0 ano. A meta nacional \u00e9 2030, mas acredito que o Tocantins alcan\u00e7ar\u00e1 muito antes desse prazo final\u201d, projetou o presidente do Inep, Manuel Palacios &#8211; Adilvan Nogueira\/Governo do Tocantins\u00a0<\/p>\n\n\n\n<p><img src=\"https:\/\/central.to.gov.br\/image\/366948?w=670&amp;h=383\"><\/p>\n\n\n\n<p>Lan\u00e7amento do programa Alfabetiza Mais Tocantins ocorreu no audit\u00f3rio da Escola Estadual Professora Eliz\u00e2ngela Gl\u00f3ria Cardoso, em Palmas &#8211; Adilvan Nogueira\/Governo do Tocantins\u00a0<\/p>\n\n\n\n<p><img src=\"https:\/\/central.to.gov.br\/image\/366952?w=670&amp;h=383\"><\/p>\n\n\n\n<p>Estiveram presentes o diretor da Associa\u00e7\u00e3o Bem Comum, Jos\u00e9 Clodoveu de Arruda Coelho Neto (Veveu); o deputado estadual Valdemar J\u00fanior, representando a Assembleia Legislativa do Tocantins; e 36 prefeitos municipais &#8211; Aldivan Nogueira\/Governo do Tocantins\u00a0<\/p>\n","protected":false},"excerpt":{"rendered":"<p>A educa\u00e7\u00e3o dos 139 munic\u00edpios tocantinenses ganhou uma nova aliada no processo de alfabetiza\u00e7\u00e3o das crian\u00e7as nos primeiros anos escolares com o investimento de R$ 8 milh\u00f5es no&nbsp;Alfabetiza Mais Tocantins: Compromisso Tocantinense Crian\u00e7a Alfabetizada, lan\u00e7ado pelo governador Wanderlei Barbosa, por meio da Secretaria de Estado da Educa\u00e7\u00e3o (Seduc). O lan\u00e7amento do programa ocorreu na manh\u00e3 [&hellip;]<\/p>\n","protected":false},"author":2,"featured_media":18568,"comment_status":"open","ping_status":"open","sticky":false,"template":"","format":"standard","meta":[],"categories":[3],"tags":[13],"_links":{"self":[{"href":"https:\/\/dgospel.com.br\/portal\/index.php\/wp-json\/wp\/v2\/posts\/18567"}],"collection":[{"href":"https:\/\/dgospel.com.br\/portal\/index.php\/wp-json\/wp\/v2\/posts"}],"about":[{"href":"https:\/\/dgospel.com.br\/portal\/index.php\/wp-json\/wp\/v2\/types\/post"}],"author":[{"embeddable":true,"href":"https:\/\/dgospel.com.br\/portal\/index.php\/wp-json\/wp\/v2\/users\/2"}],"replies":[{"embeddable":true,"href":"https:\/\/dgospel.com.br\/portal\/index.php\/wp-json\/wp\/v2\/comments?post=18567"}],"version-history":[{"count":1,"href":"https:\/\/dgospel.com.br\/portal\/index.php\/wp-json\/wp\/v2\/posts\/18567\/revisions"}],"predecessor-version":[{"id":18569,"href":"https:\/\/dgospel.com.br\/portal\/index.php\/wp-json\/wp\/v2\/posts\/18567\/revisions\/18569"}],"wp:featuredmedia":[{"embeddable":true,"href":"https:\/\/dgospel.com.br\/portal\/index.php\/wp-json\/wp\/v2\/media\/18568"}],"wp:attachment":[{"href":"https:\/\/dgospel.com.br\/portal\/index.php\/wp-json\/wp\/v2\/media?parent=18567"}],"wp:term":[{"taxonomy":"category","embeddable":true,"href":"https:\/\/dgospel.com.br\/portal\/index.php\/wp-json\/wp\/v2\/categories?post=18567"},{"taxonomy":"post_tag","embeddable":true,"href":"https:\/\/dgospel.com.br\/portal\/index.php\/wp-json\/wp\/v2\/tags?post=18567"}],"curies":[{"name":"wp","href":"https:\/\/api.w.org\/{rel}","templated":true}]}}