{"id":18570,"date":"2024-02-29T09:15:43","date_gmt":"2024-02-29T12:15:43","guid":{"rendered":"https:\/\/dgospel.com.br\/portal\/?p=18570"},"modified":"2024-02-29T09:15:45","modified_gmt":"2024-02-29T12:15:45","slug":"governador-wanderlei-barbosa-discute-a-pavimentacao-da-to-010-com-lideres-indigenas-do-povo-xerente","status":"publish","type":"post","link":"https:\/\/dgospel.com.br\/portal\/index.php\/2024\/02\/29\/governador-wanderlei-barbosa-discute-a-pavimentacao-da-to-010-com-lideres-indigenas-do-povo-xerente\/","title":{"rendered":"Governador Wanderlei Barbosa discute a pavimenta\u00e7\u00e3o da TO-010 com l\u00edderes ind\u00edgenas do povo Xerente"},"content":{"rendered":"\n<p>O governador do Tocantins, Wanderlei Barbosa, reuniu-se nesta quarta-feira, 28, com diversas lideran\u00e7as e representantes do povo Xerente, do territ\u00f3rio Funil, situado na regi\u00e3o de Tocant\u00ednia. No encontro, que ocorreu no Pal\u00e1cio Araguaia Governador Jos\u00e9 Wilson Siqueira Campos, houve a discuss\u00e3o da viabilidade da pavimenta\u00e7\u00e3o da TO-010, que liga as cidades de Lajeado e Tocant\u00ednia. Este foi um encontro hist\u00f3rico, sendo Wanderlei Barbosa o primeiro governador do Tocantins a abrir as portas para um di\u00e1logo direto com a comunidade.<\/p>\n\n\n\n<p>Na ocasi\u00e3o, o governador Wanderlei Barbosa expressou sua gratid\u00e3o pela presen\u00e7a das representa\u00e7\u00f5es do povo Xerente e enfatizou a import\u00e2ncia deste momento para a hist\u00f3ria do Tocantins. &#8220;Estamos aqui de bra\u00e7os abertos para receber os povos origin\u00e1rios. Nosso governo n\u00e3o toma nenhuma decis\u00e3o sem antes ouvir e respeitar as comunidades. Precisamos do aval delas, al\u00e9m de todas as autoriza\u00e7\u00f5es legais, para que as obras de pavimenta\u00e7\u00e3o possam beneficiar n\u00e3o s\u00f3 a popula\u00e7\u00e3o ind\u00edgena, mas todas as outras comunidades do nosso Estado. Estou imensamente feliz em participar deste momento crucial para o Tocantins&#8221;, ressaltou o Governador.<\/p>\n\n\n\n<p><strong>Di\u00e1logo<\/strong><\/p>\n\n\n\n<p>O objetivo da reuni\u00e3o foi escutar as necessidades da comunidade e encontrar as melhores abordagens para a realiza\u00e7\u00e3o das obras de pavimenta\u00e7\u00e3o na estrada, levando em considera\u00e7\u00e3o as caracter\u00edsticas e particularidades dos povos ind\u00edgenas da etnia Xerente. O trecho em quest\u00e3o abrange 8 km, que al\u00e9m de conectar munic\u00edpios do Estado, oferece acesso \u00e0s comunidades ind\u00edgenas da regi\u00e3o.<\/p>\n\n\n\n<p>A Secretaria de Estado dos Povos Origin\u00e1rios e Tradicionais (Sepot) j\u00e1 havia realizado encontros e reuni\u00f5es com as comunidades do territ\u00f3rio Funil, visando estabelecer demandas priorit\u00e1rias e garantir a agilidade das melhorias para a regi\u00e3o. A secret\u00e1ria de Estado dos Povos Origin\u00e1rios e Tradicionais, Narubia Werreria, afirmou que o di\u00e1logo \u00e9 fundamental para que as melhorias sejam implementadas.&#8221;Estamos vivendo um momento hist\u00f3rico. Nunca antes tivemos a oportunidade de sermos ouvidos pelo chefe de Estado. Realizamos um trabalho na regi\u00e3o Funil, unindo as institui\u00e7\u00f5es interessadas, pois essa obra \u00e9 do interesse de toda a popula\u00e7\u00e3o. O di\u00e1logo \u00e9 essencial, pois \u00e9 a premissa do governo Wanderlei. O governo deseja ouvir, compreender as demandas e, assim, estabelecer um di\u00e1logo eficaz para a implementa\u00e7\u00e3o de pol\u00edticas p\u00fablicas&#8221;, destacou a secret\u00e1ria.<\/p>\n\n\n\n<p>O cacique Elso Krensu Xerente, representando a comunidade Funil, ponderou, em sua fala,&nbsp; a import\u00e2ncia do encontro com o Governador, destacando que a oportunidade \u00e9 significativa e que todos est\u00e3o abertos ao di\u00e1logo. &#8220;Estamos aqui pacificamente, pois reconhecemos os esfor\u00e7os do Governador. Nossa comunidade busca melhorias na via e deseja que a obra seja realizada, respeitando todos os tr\u00e2mites legais e as necessidades dos povos origin\u00e1rios&#8221;, comentou o cacique.<\/p>\n\n\n\n<p>O procurador-geral do Estado, Kledson de Moura Lima, esclareceu que a nova Legisla\u00e7\u00e3o Federal estabelece o marco temporal, permitindo que os estados realizem obras estruturantes de interesse local ou estadual. &#8220;A legisla\u00e7\u00e3o foi atualizada, visando desburocratizar o processo. Nossa licen\u00e7a ambiental j\u00e1 foi protocolada no Ibama, eliminando a necessidade dessa fase pr\u00e9via com a Funai. Ap\u00f3s a libera\u00e7\u00e3o, o projeto de pavimenta\u00e7\u00e3o seguir\u00e1 para implementa\u00e7\u00e3o da Ageto&#8221;, explicou o procurador-geral do Estado.&nbsp;<\/p>\n\n\n\n<p>&#8220;O projeto est\u00e1 sob an\u00e1lise no Ibama e agora \u00e9 apenas quest\u00e3o de tempo para que os t\u00e9cnicos avaliem as especifica\u00e7\u00f5es t\u00e9cnicas e concluam os projetos, de acordo com as necessidades da comunidade Xerente. Al\u00e9m da pavimenta\u00e7\u00e3o, estamos propondo um projeto que inclui a reforma da praia e dos quiosques, algo que surpreendeu positivamente a comunidade. Todos ficar\u00e3o muito satisfeitos, pois nosso objetivo \u00e9 promover o desenvolvimento para o Tocantins&#8221;, complementou o presidente da Ag\u00eancia de Transportes, Obras e Infraestrutura (Ageto), M\u00e1rcio Pinheiro.<\/p>\n\n\n\n<p>O prefeito de Tocant\u00ednia, Manoel Silvino, enfatizou que os interesses est\u00e3o alinhados. &#8220;Estamos extremamente felizes por obter um resultado positivo, ap\u00f3s esse encontro com nosso Governador. Os interesses da popula\u00e7\u00e3o de Tocant\u00ednia e da comunidade Xerente est\u00e3o convergindo. Todos desejamos o desenvolvimento da nossa regi\u00e3o&#8221;, concluiu o gestor.<\/p>\n\n\n\n<p>Ao t\u00e9rmino da reuni\u00e3o, em acordo com a comunidade Xerente, o governador Wanderlei Barbosa declarou que, uma vez conclu\u00eddos todos os tr\u00e2mites legais necess\u00e1rios, o Governo do Tocantins se comprometer\u00e1 a realizar a pavimenta\u00e7\u00e3o asf\u00e1ltica, assim como outras melhorias na regi\u00e3o da comunidade Funil.<\/p>\n\n\n\n<p><img src=\"https:\/\/central.to.gov.br\/image\/366966?w=670&amp;h=383\"><\/p>\n\n\n\n<p>O governador Wanderlei Barbosa expressou sua gratid\u00e3o pela presen\u00e7a das representa\u00e7\u00f5es do povo Xerente e enfatizou a import\u00e2ncia deste momento para a hist\u00f3ria do Tocantins &#8211; Esequias Ara\u00fajo\/Governo do Tocantins\u00a0<\/p>\n\n\n\n<p><img src=\"https:\/\/central.to.gov.br\/image\/366967?w=670&amp;h=383\"><\/p>\n\n\n\n<p>Representantes da comunidade Xerente discutem as necessidades locais, em rela\u00e7\u00e3o \u00e0 pavimenta\u00e7\u00e3o da TO-010, com o governador e autoridades estaduais &#8211; Antonio Gon\u00e7alves\/Governo do Tocantins<\/p>\n\n\n\n<p><img src=\"https:\/\/central.to.gov.br\/image\/366968?w=670&amp;h=383\"><\/p>\n\n\n\n<p>Cacique Elso Krensu Xerente expressa a import\u00e2ncia do di\u00e1logo e da colabora\u00e7\u00e3o m\u00fatua para alcan\u00e7ar melhorias significativas na regi\u00e3o &#8211; Antonio Gon\u00e7alves\/Governo do Tocantins<\/p>\n\n\n\n<p><img src=\"https:\/\/central.to.gov.br\/image\/366969?w=670&amp;h=383\"><\/p>\n\n\n\n<p>O procurador-geral do Estado, Kledson de Moura Lima, esclareceu os tr\u00e2mites legais e os pr\u00f3ximos passos para a realiza\u00e7\u00e3o das obras &#8211; Esequias Ara\u00fajo\/Governo do Tocantins<\/p>\n\n\n\n<p><img src=\"https:\/\/central.to.gov.br\/image\/366970?w=670&amp;h=383\"><\/p>\n\n\n\n<p>O presidente da Ageto, M\u00e1rcio Pinheiro, apresentou as propostas de desenvolvimento integrado para a comunidade Xerente &#8211; Esequias Ara\u00fajo\/Governo do Tocantins\u00a0<\/p>\n\n\n\n<p><img src=\"https:\/\/central.to.gov.br\/image\/366971?w=670&amp;h=383\"><\/p>\n\n\n\n<p>O prefeito de Tocant\u00ednia, Manoel Silvino, destacou a uni\u00e3o de esfor\u00e7os, em busca de um futuro melhor para a regi\u00e3o &#8211; Esequias Ara\u00fajo\/Governo do Tocantins\u00a0<\/p>\n\n\n\n<p><img src=\"https:\/\/central.to.gov.br\/image\/366972?w=670&amp;h=383\"><\/p>\n\n\n\n<p>A secret\u00e1ria de Estado dos Povos Origin\u00e1rios e Tradicionais, Narubia Werreria, afirmou que o di\u00e1logo \u00e9 fundamental para que as melhorias sejam implementadas de forma adequada para as comunidades ind\u00edgenas &#8211; Esequias Ara\u00fajo\/Governo do Tocantins\u00a0<\/p>\n\n\n\n<p><img src=\"https:\/\/central.to.gov.br\/image\/366973?w=670&amp;h=383\"><\/p>\n\n\n\n<p>Governador Wanderlei Barbosa reuniu-se com diversas lideran\u00e7as e representantes do povo Xerente &#8211; Esequias Ara\u00fajo\/Governo do Tocantins\u00a0<\/p>\n\n\n\n<p><img src=\"https:\/\/central.to.gov.br\/image\/366974?w=670&amp;h=383\"><\/p>\n\n\n\n<p>O objetivo da reuni\u00e3o foi escutar as necessidades da comunidade e encontrar as melhores abordagens para a realiza\u00e7\u00e3o das obras de pavimenta\u00e7\u00e3o &#8211; Esequias Ara\u00fajo\/Governo do Tocantins&nbsp;<\/p>\n","protected":false},"excerpt":{"rendered":"<p>O governador do Tocantins, Wanderlei Barbosa, reuniu-se nesta quarta-feira, 28, com diversas lideran\u00e7as e representantes do povo Xerente, do territ\u00f3rio Funil, situado na regi\u00e3o de Tocant\u00ednia. No encontro, que ocorreu no Pal\u00e1cio Araguaia Governador Jos\u00e9 Wilson Siqueira Campos, houve a discuss\u00e3o da viabilidade da pavimenta\u00e7\u00e3o da TO-010, que liga as cidades de Lajeado e Tocant\u00ednia. [&hellip;]<\/p>\n","protected":false},"author":2,"featured_media":18571,"comment_status":"open","ping_status":"open","sticky":false,"template":"","format":"standard","meta":[],"categories":[3],"tags":[13],"_links":{"self":[{"href":"https:\/\/dgospel.com.br\/portal\/index.php\/wp-json\/wp\/v2\/posts\/18570"}],"collection":[{"href":"https:\/\/dgospel.com.br\/portal\/index.php\/wp-json\/wp\/v2\/posts"}],"about":[{"href":"https:\/\/dgospel.com.br\/portal\/index.php\/wp-json\/wp\/v2\/types\/post"}],"author":[{"embeddable":true,"href":"https:\/\/dgospel.com.br\/portal\/index.php\/wp-json\/wp\/v2\/users\/2"}],"replies":[{"embeddable":true,"href":"https:\/\/dgospel.com.br\/portal\/index.php\/wp-json\/wp\/v2\/comments?post=18570"}],"version-history":[{"count":1,"href":"https:\/\/dgospel.com.br\/portal\/index.php\/wp-json\/wp\/v2\/posts\/18570\/revisions"}],"predecessor-version":[{"id":18572,"href":"https:\/\/dgospel.com.br\/portal\/index.php\/wp-json\/wp\/v2\/posts\/18570\/revisions\/18572"}],"wp:featuredmedia":[{"embeddable":true,"href":"https:\/\/dgospel.com.br\/portal\/index.php\/wp-json\/wp\/v2\/media\/18571"}],"wp:attachment":[{"href":"https:\/\/dgospel.com.br\/portal\/index.php\/wp-json\/wp\/v2\/media?parent=18570"}],"wp:term":[{"taxonomy":"category","embeddable":true,"href":"https:\/\/dgospel.com.br\/portal\/index.php\/wp-json\/wp\/v2\/categories?post=18570"},{"taxonomy":"post_tag","embeddable":true,"href":"https:\/\/dgospel.com.br\/portal\/index.php\/wp-json\/wp\/v2\/tags?post=18570"}],"curies":[{"name":"wp","href":"https:\/\/api.w.org\/{rel}","templated":true}]}}