{"id":18576,"date":"2024-02-29T10:30:49","date_gmt":"2024-02-29T13:30:49","guid":{"rendered":"https:\/\/dgospel.com.br\/portal\/?p=18576"},"modified":"2024-02-29T10:30:50","modified_gmt":"2024-02-29T13:30:50","slug":"fevereiro-de-2024-tem-aumento-de-266-nas-queimadas-da-amazonia","status":"publish","type":"post","link":"https:\/\/dgospel.com.br\/portal\/index.php\/2024\/02\/29\/fevereiro-de-2024-tem-aumento-de-266-nas-queimadas-da-amazonia\/","title":{"rendered":"Fevereiro de 2024 tem aumento de 266% nas queimadas da Amaz\u00f4nia"},"content":{"rendered":"\n<p>A Amaz\u00f4nia enfrenta um alarmante recorde de inc\u00eandios em fevereiro, com 2.924 focos identificados at\u00e9 agora, a maior cifra desde o in\u00edcio dos registros em 1999, conforme dados do Instituto Nacional de Pesquisas Espaciais (Inpe). Este ano, a contagem de inc\u00eandios j\u00e1 soma 4.973, superando os registros de janeiro e com expectativa de aumentar at\u00e9 o fim do m\u00eas.<\/p>\n\n\n\n<p>O governo de Luiz In\u00e1cio Lula da Silva, no poder, havia reconhecido, em conversa com o Estad\u00e3o no ano anterior, a lacuna nas estruturas de combate \u00e0s chamas, apesar do refor\u00e7o no n\u00famero de brigadistas. Especialistas alertaram sobre os riscos agravados pelo El Ni\u00f1o, enfatizando a estiagem prolongada que contribui para a escalada dos inc\u00eandios.<\/p>\n\n\n\n<p>Mesmo com a redu\u00e7\u00e3o do desmatamento em 2023, a gest\u00e3o atual enfrenta cr\u00edticas pela inefici\u00eancia em prevenir inc\u00eandios, especialmente em Roraima, onde a fuma\u00e7a cobriu vastas \u00e1reas, incluindo a capital, Boa Vista, e trechos da RR-206. A trag\u00e9dia se estende \u00e0 reserva Ianom\u00e2mi, marcada pelo aumento de mortes ind\u00edgenas e a explora\u00e7\u00e3o ilegal de min\u00e9rios, apesar da declara\u00e7\u00e3o de emerg\u00eancia de sa\u00fade na regi\u00e3o pelo presidente Lula.<\/p>\n\n\n\n<p>O Ibama, respons\u00e1vel pelo combate aos inc\u00eandios na regi\u00e3o, disp\u00f5e de 251 brigadistas e quatro aeronaves, focando na prote\u00e7\u00e3o da terra ind\u00edgena Ianom\u00e2mi.<\/p>\n","protected":false},"excerpt":{"rendered":"<p>A Amaz\u00f4nia enfrenta um alarmante recorde de inc\u00eandios em fevereiro, com 2.924 focos identificados at\u00e9 agora, a maior cifra desde o in\u00edcio dos registros em 1999, conforme dados do Instituto Nacional de Pesquisas Espaciais (Inpe). Este ano, a contagem de inc\u00eandios j\u00e1 soma 4.973, superando os registros de janeiro e com expectativa de aumentar at\u00e9 [&hellip;]<\/p>\n","protected":false},"author":2,"featured_media":18577,"comment_status":"open","ping_status":"open","sticky":false,"template":"","format":"standard","meta":[],"categories":[10],"tags":[],"_links":{"self":[{"href":"https:\/\/dgospel.com.br\/portal\/index.php\/wp-json\/wp\/v2\/posts\/18576"}],"collection":[{"href":"https:\/\/dgospel.com.br\/portal\/index.php\/wp-json\/wp\/v2\/posts"}],"about":[{"href":"https:\/\/dgospel.com.br\/portal\/index.php\/wp-json\/wp\/v2\/types\/post"}],"author":[{"embeddable":true,"href":"https:\/\/dgospel.com.br\/portal\/index.php\/wp-json\/wp\/v2\/users\/2"}],"replies":[{"embeddable":true,"href":"https:\/\/dgospel.com.br\/portal\/index.php\/wp-json\/wp\/v2\/comments?post=18576"}],"version-history":[{"count":1,"href":"https:\/\/dgospel.com.br\/portal\/index.php\/wp-json\/wp\/v2\/posts\/18576\/revisions"}],"predecessor-version":[{"id":18578,"href":"https:\/\/dgospel.com.br\/portal\/index.php\/wp-json\/wp\/v2\/posts\/18576\/revisions\/18578"}],"wp:featuredmedia":[{"embeddable":true,"href":"https:\/\/dgospel.com.br\/portal\/index.php\/wp-json\/wp\/v2\/media\/18577"}],"wp:attachment":[{"href":"https:\/\/dgospel.com.br\/portal\/index.php\/wp-json\/wp\/v2\/media?parent=18576"}],"wp:term":[{"taxonomy":"category","embeddable":true,"href":"https:\/\/dgospel.com.br\/portal\/index.php\/wp-json\/wp\/v2\/categories?post=18576"},{"taxonomy":"post_tag","embeddable":true,"href":"https:\/\/dgospel.com.br\/portal\/index.php\/wp-json\/wp\/v2\/tags?post=18576"}],"curies":[{"name":"wp","href":"https:\/\/api.w.org\/{rel}","templated":true}]}}