{"id":18582,"date":"2024-03-01T15:59:56","date_gmt":"2024-03-01T18:59:56","guid":{"rendered":"https:\/\/dgospel.com.br\/portal\/?p=18582"},"modified":"2024-03-01T15:59:57","modified_gmt":"2024-03-01T18:59:57","slug":"nota-tecnica-do-governo-lula-defende-aborto-legal-em-qualquer-tempo-gestacional","status":"publish","type":"post","link":"https:\/\/dgospel.com.br\/portal\/index.php\/2024\/03\/01\/nota-tecnica-do-governo-lula-defende-aborto-legal-em-qualquer-tempo-gestacional\/","title":{"rendered":"Nota t\u00e9cnica do governo Lula defende aborto legal em qualquer tempo gestacional"},"content":{"rendered":"\n<p>Uma Nota T\u00e9cnica Conjunta N\u00ba 2\/2024 do Minist\u00e9rio da Sa\u00fade, que ainda n\u00e3o est\u00e1 em vigor por n\u00e3o ter sido publicada no Di\u00e1rio Oficial da Uni\u00e3o (DOU), defende a mudan\u00e7a das regras para a realiza\u00e7\u00e3o do aborto nos casos previstos pela lei brasileira.<\/p>\n\n\n\n<p>O documento atende a um of\u00edcio da Defensoria P\u00fablica do Estado do Paran\u00e1, representada pelo N\u00facleo de Promo\u00e7\u00e3o e Defesa dos Direitos das Mulheres (NUDEM) que solicitou \u201ca atualiza\u00e7\u00e3o das normativas do Minist\u00e9rio da Sa\u00fade que versam sobre aborto legal, com adequa\u00e7\u00e3o \u00e0 legisla\u00e7\u00e3o p\u00e1tria e com men\u00e7\u00e3o expressa de que n\u00e3o h\u00e1 limite gestacional para o acesso a tal direito\u201d.<\/p>\n\n\n\n<p>\u2013 A viabilidade fetal n\u00e3o pode servir de justificativa para imposi\u00e7\u00e3o de marco temporal para o exerc\u00edcio do direito de aborto permitido, nas condi\u00e7\u00f5es previstas em lei \u2013 diz o ponto 3.7 do documento assinado pelos secret\u00e1rios Felipe Proen\u00e7o de Oliveira, da Aten\u00e7\u00e3o Prim\u00e1ria \u00e0 Sa\u00fade, e Helv\u00e9cio Miranda Magalh\u00e3es Junior, da Aten\u00e7\u00e3o Especializada \u00e0 Sa\u00fade.<\/p>\n\n\n\n<p>A regra atual permite o procedimento para gesta\u00e7\u00f5es de at\u00e9 21 semanas e seis dias para os casos de risco de vida para mulher, estupro, ou beb\u00ea com anencefalia. Depois desse tempo gestacional, \u00e9 considerado \u201cparto prematuro\u201d. A nova regra, por\u00e9m, tira o prazo, prevendo \u201cqualquer limite de tempo gestacional\u201d.<\/p>\n\n\n\n<p><strong>O documento defende o seguinte:<br><\/strong><em>O artigo 128 do C\u00f3digo Penal, a seguir transcrito, n\u00e3o prev\u00ea qualquer limite de tempo gestacional:<\/em><\/p>\n\n\n\n<p><em>Art. 128 \u2013 N\u00e3o se pune o aborto praticado por m\u00e9dico:<\/em><\/p>\n\n\n\n<p><em>Aborto necess\u00e1rio<\/em><br><em>I \u2013 se n\u00e3o h\u00e1 outro meio de salvar a vida da gestante; a<\/em><em>borto no caso de gravidez resultante de estupro<\/em><br><em>II \u2013 se a gravidez resulta de estupro e o aborto \u00e9 precedido de consentimento da gestante ou,&nbsp;<\/em><em>quando incapaz, de seu representante legal<\/em><\/p>\n\n\n\n<p><em>Destarte, se o legislador brasileiro ao permitir o aborto, nas hip\u00f3teses descritas no artigo<\/em><br><em>128 n\u00e3o imp\u00f4s qualquer limite temporal para a sua realiza\u00e7\u00e3o, n\u00e3o cabe aos servi\u00e7os de sa\u00fade limitar a&nbsp;<\/em><em>interpreta\u00e7\u00e3o desse direito, especialmente quando a pr\u00f3pria literatura\/ci\u00eancia internacional n\u00e3o<\/em><br><em>estabelece limite.<\/em><\/p>\n","protected":false},"excerpt":{"rendered":"<p>Uma Nota T\u00e9cnica Conjunta N\u00ba 2\/2024 do Minist\u00e9rio da Sa\u00fade, que ainda n\u00e3o est\u00e1 em vigor por n\u00e3o ter sido publicada no Di\u00e1rio Oficial da Uni\u00e3o (DOU), defende a mudan\u00e7a das regras para a realiza\u00e7\u00e3o do aborto nos casos previstos pela lei brasileira. O documento atende a um of\u00edcio da Defensoria P\u00fablica do Estado do [&hellip;]<\/p>\n","protected":false},"author":2,"featured_media":18583,"comment_status":"open","ping_status":"open","sticky":false,"template":"","format":"standard","meta":[],"categories":[4],"tags":[],"_links":{"self":[{"href":"https:\/\/dgospel.com.br\/portal\/index.php\/wp-json\/wp\/v2\/posts\/18582"}],"collection":[{"href":"https:\/\/dgospel.com.br\/portal\/index.php\/wp-json\/wp\/v2\/posts"}],"about":[{"href":"https:\/\/dgospel.com.br\/portal\/index.php\/wp-json\/wp\/v2\/types\/post"}],"author":[{"embeddable":true,"href":"https:\/\/dgospel.com.br\/portal\/index.php\/wp-json\/wp\/v2\/users\/2"}],"replies":[{"embeddable":true,"href":"https:\/\/dgospel.com.br\/portal\/index.php\/wp-json\/wp\/v2\/comments?post=18582"}],"version-history":[{"count":1,"href":"https:\/\/dgospel.com.br\/portal\/index.php\/wp-json\/wp\/v2\/posts\/18582\/revisions"}],"predecessor-version":[{"id":18584,"href":"https:\/\/dgospel.com.br\/portal\/index.php\/wp-json\/wp\/v2\/posts\/18582\/revisions\/18584"}],"wp:featuredmedia":[{"embeddable":true,"href":"https:\/\/dgospel.com.br\/portal\/index.php\/wp-json\/wp\/v2\/media\/18583"}],"wp:attachment":[{"href":"https:\/\/dgospel.com.br\/portal\/index.php\/wp-json\/wp\/v2\/media?parent=18582"}],"wp:term":[{"taxonomy":"category","embeddable":true,"href":"https:\/\/dgospel.com.br\/portal\/index.php\/wp-json\/wp\/v2\/categories?post=18582"},{"taxonomy":"post_tag","embeddable":true,"href":"https:\/\/dgospel.com.br\/portal\/index.php\/wp-json\/wp\/v2\/tags?post=18582"}],"curies":[{"name":"wp","href":"https:\/\/api.w.org\/{rel}","templated":true}]}}