{"id":18585,"date":"2024-03-01T16:02:28","date_gmt":"2024-03-01T19:02:28","guid":{"rendered":"https:\/\/dgospel.com.br\/portal\/?p=18585"},"modified":"2024-03-01T16:02:29","modified_gmt":"2024-03-01T19:02:29","slug":"eduardo-bolsonaro-cita-carta-de-lula-a-evangelicos-sobre-aborto","status":"publish","type":"post","link":"https:\/\/dgospel.com.br\/portal\/index.php\/2024\/03\/01\/eduardo-bolsonaro-cita-carta-de-lula-a-evangelicos-sobre-aborto\/","title":{"rendered":"Eduardo Bolsonaro cita carta de Lula a evang\u00e9licos sobre aborto"},"content":{"rendered":"\n<p>O deputado federal Eduardo Bolsonaro (PL-SP) usou, suas redes sociais, para relembrar a carta aos evang\u00e9licos, criada durante a campanha eleitoral de 2022, na qual o ent\u00e3o candidato Luiz In\u00e1cio Lula da Silva (PT) se posicionava contra o aborto.<\/p>\n\n\n\n<p>\u2013 Sou pessoalmente contra o aborto e lembro a todos e todas que este n\u00e3o \u00e9 um tema a ser decidido pelo presidente da Republica e sim pelo Congresso Nacional \u2013 dizia o documento.<\/p>\n\n\n\n<p>Desde que assumiu o Pal\u00e1cio do Planalto, por\u00e9m, equipes do Poder Executivo lan\u00e7am documentos e tomam decis\u00f5es sobre o aborto contr\u00e1rias ao que foi prometido na campanha, como aconteceu esta semana com a Nota T\u00e9cnica Conjunta N\u00ba 2\/2024 do Minist\u00e9rio da Sa\u00fade que defende a mudan\u00e7a das regras para a realiza\u00e7\u00e3o do aborto nos casos previstos pela lei brasileira.<\/p>\n\n\n\n<p>O documento, j\u00e1 cancelado pela ministra da Sa\u00fade, N\u00edsia Trindade, queria anular a regra atual que permite o procedimento para gesta\u00e7\u00f5es de at\u00e9 21 semanas e seis dias para \u201cqualquer limite de tempo gestacional\u201d. O documento versa apenas sobre os casos de risco de vida para mulher, estupro, ou beb\u00ea com anencefalia, que n\u00e3o s\u00e3o criminalizados o pa\u00eds.<\/p>\n\n\n\n<p>A decis\u00e3o de cancelar a nota aconteceu ap\u00f3s grande press\u00e3o dos parlamentar de oposi\u00e7\u00e3o. Por isso, Eduardo Bolsonaro comentou:<\/p>\n\n\n\n<p>\u2013 Palavras do descondenado, pode confiar! Se n\u00e3o fosse a liberdade de express\u00e3o nas redes para botar press\u00e3o, certamente o aborto estaria praticamente legalizado no Brasil at\u00e9 o nono m\u00eas de gesta\u00e7\u00e3o.<\/p>\n\n\n\n<p><strong>Confira:<\/strong><\/p>\n\n\n\n<blockquote class=\"wp-block-quote\"><p>&nbsp;Ver essa foto no Instagram<\/p><p>&nbsp;<\/p><p><a href=\"https:\/\/www.instagram.com\/p\/C38k6lZLuxi\/?utm_source=ig_embed&amp;utm_campaign=loading\" target=\"_blank\" rel=\"noreferrer noopener\">Uma publica\u00e7\u00e3o compartilhada por Eduardo Bolsonaro (@bolsonarosp)<\/a><\/p><\/blockquote>\n","protected":false},"excerpt":{"rendered":"<p>O deputado federal Eduardo Bolsonaro (PL-SP) usou, suas redes sociais, para relembrar a carta aos evang\u00e9licos, criada durante a campanha eleitoral de 2022, na qual o ent\u00e3o candidato Luiz In\u00e1cio Lula da Silva (PT) se posicionava contra o aborto. \u2013 Sou pessoalmente contra o aborto e lembro a todos e todas que este n\u00e3o \u00e9 [&hellip;]<\/p>\n","protected":false},"author":2,"featured_media":18586,"comment_status":"open","ping_status":"open","sticky":false,"template":"","format":"standard","meta":[],"categories":[8],"tags":[],"_links":{"self":[{"href":"https:\/\/dgospel.com.br\/portal\/index.php\/wp-json\/wp\/v2\/posts\/18585"}],"collection":[{"href":"https:\/\/dgospel.com.br\/portal\/index.php\/wp-json\/wp\/v2\/posts"}],"about":[{"href":"https:\/\/dgospel.com.br\/portal\/index.php\/wp-json\/wp\/v2\/types\/post"}],"author":[{"embeddable":true,"href":"https:\/\/dgospel.com.br\/portal\/index.php\/wp-json\/wp\/v2\/users\/2"}],"replies":[{"embeddable":true,"href":"https:\/\/dgospel.com.br\/portal\/index.php\/wp-json\/wp\/v2\/comments?post=18585"}],"version-history":[{"count":1,"href":"https:\/\/dgospel.com.br\/portal\/index.php\/wp-json\/wp\/v2\/posts\/18585\/revisions"}],"predecessor-version":[{"id":18587,"href":"https:\/\/dgospel.com.br\/portal\/index.php\/wp-json\/wp\/v2\/posts\/18585\/revisions\/18587"}],"wp:featuredmedia":[{"embeddable":true,"href":"https:\/\/dgospel.com.br\/portal\/index.php\/wp-json\/wp\/v2\/media\/18586"}],"wp:attachment":[{"href":"https:\/\/dgospel.com.br\/portal\/index.php\/wp-json\/wp\/v2\/media?parent=18585"}],"wp:term":[{"taxonomy":"category","embeddable":true,"href":"https:\/\/dgospel.com.br\/portal\/index.php\/wp-json\/wp\/v2\/categories?post=18585"},{"taxonomy":"post_tag","embeddable":true,"href":"https:\/\/dgospel.com.br\/portal\/index.php\/wp-json\/wp\/v2\/tags?post=18585"}],"curies":[{"name":"wp","href":"https:\/\/api.w.org\/{rel}","templated":true}]}}