{"id":18588,"date":"2024-03-01T16:05:14","date_gmt":"2024-03-01T19:05:14","guid":{"rendered":"https:\/\/dgospel.com.br\/portal\/?p=18588"},"modified":"2024-03-01T16:05:16","modified_gmt":"2024-03-01T19:05:16","slug":"na-nicaragua-mae-de-opositor-e-expulsa-de-casa-aos-93-anos","status":"publish","type":"post","link":"https:\/\/dgospel.com.br\/portal\/index.php\/2024\/03\/01\/na-nicaragua-mae-de-opositor-e-expulsa-de-casa-aos-93-anos\/","title":{"rendered":"Na Nicar\u00e1gua, m\u00e3e de opositor \u00e9 expulsa de casa aos 93 anos"},"content":{"rendered":"\n<p>Na \u00faltima ter\u00e7a-feira (27), uma idosa de 93 anos foi expulsa de sua casa, em Man\u00e1gua, capital da Nicar\u00e1gua, por ser m\u00e3e de um opositor ao regime de Daniel Ortega. A a\u00e7\u00e3o foi conduzida pela pol\u00edcia da Nicar\u00e1gua. As informa\u00e7\u00f5es s\u00e3o da revista Oeste.<\/p>\n\n\n\n<p>A mulher foi identificada como Rafaela Cerda. Ela \u00e9 m\u00e3e do ex-juiz Rafael Sol\u00eds Cerda, que renunciou \u00e0 Corte Suprema de Justi\u00e7a (CSJ), em 2019, quando se tornou um opositor do governo do pa\u00eds.<\/p>\n\n\n\n<p>Portais locais, como La Prensa e Confidencial, reportaram que fontes pr\u00f3ximas \u00e0 fam\u00edlia disseram que policiais do regime chegaram ao local alegando que estavam cumprindo uma \u201cordem de confisco\u201d.<\/p>\n\n\n\n<p>A idosa teria sido obrigada a deixar a resid\u00eancia somente com as roupas que vestia. Nem rem\u00e9dios, ela conseguiu levar.<\/p>\n\n\n\n<p>Confiscos t\u00eam sido registrados contra opositores que est\u00e3o exilados. O ex-juiz Rafael, atualmente, est\u00e1 em ex\u00edlio na Costa Rica.<\/p>\n\n\n\n<figure class=\"wp-block-embed is-type-video is-provider-youtube wp-block-embed-youtube wp-embed-aspect-16-9 wp-has-aspect-ratio\"><div class=\"wp-block-embed__wrapper\">\n<iframe loading=\"lazy\" title=\"Dictadura confisca y desaloja de su casa a la madre del exmagistrado Rafael Sol\u00eds\" width=\"630\" height=\"354\" src=\"https:\/\/www.youtube.com\/embed\/mC4So6Le3L8?feature=oembed\" frameborder=\"0\" allow=\"accelerometer; autoplay; clipboard-write; encrypted-media; gyroscope; picture-in-picture; web-share\" allowfullscreen><\/iframe>\n<\/div><\/figure>\n","protected":false},"excerpt":{"rendered":"<p>Na \u00faltima ter\u00e7a-feira (27), uma idosa de 93 anos foi expulsa de sua casa, em Man\u00e1gua, capital da Nicar\u00e1gua, por ser m\u00e3e de um opositor ao regime de Daniel Ortega. A a\u00e7\u00e3o foi conduzida pela pol\u00edcia da Nicar\u00e1gua. As informa\u00e7\u00f5es s\u00e3o da revista Oeste. A mulher foi identificada como Rafaela Cerda. Ela \u00e9 m\u00e3e do [&hellip;]<\/p>\n","protected":false},"author":2,"featured_media":18589,"comment_status":"open","ping_status":"open","sticky":false,"template":"","format":"standard","meta":[],"categories":[16],"tags":[],"_links":{"self":[{"href":"https:\/\/dgospel.com.br\/portal\/index.php\/wp-json\/wp\/v2\/posts\/18588"}],"collection":[{"href":"https:\/\/dgospel.com.br\/portal\/index.php\/wp-json\/wp\/v2\/posts"}],"about":[{"href":"https:\/\/dgospel.com.br\/portal\/index.php\/wp-json\/wp\/v2\/types\/post"}],"author":[{"embeddable":true,"href":"https:\/\/dgospel.com.br\/portal\/index.php\/wp-json\/wp\/v2\/users\/2"}],"replies":[{"embeddable":true,"href":"https:\/\/dgospel.com.br\/portal\/index.php\/wp-json\/wp\/v2\/comments?post=18588"}],"version-history":[{"count":1,"href":"https:\/\/dgospel.com.br\/portal\/index.php\/wp-json\/wp\/v2\/posts\/18588\/revisions"}],"predecessor-version":[{"id":18590,"href":"https:\/\/dgospel.com.br\/portal\/index.php\/wp-json\/wp\/v2\/posts\/18588\/revisions\/18590"}],"wp:featuredmedia":[{"embeddable":true,"href":"https:\/\/dgospel.com.br\/portal\/index.php\/wp-json\/wp\/v2\/media\/18589"}],"wp:attachment":[{"href":"https:\/\/dgospel.com.br\/portal\/index.php\/wp-json\/wp\/v2\/media?parent=18588"}],"wp:term":[{"taxonomy":"category","embeddable":true,"href":"https:\/\/dgospel.com.br\/portal\/index.php\/wp-json\/wp\/v2\/categories?post=18588"},{"taxonomy":"post_tag","embeddable":true,"href":"https:\/\/dgospel.com.br\/portal\/index.php\/wp-json\/wp\/v2\/tags?post=18588"}],"curies":[{"name":"wp","href":"https:\/\/api.w.org\/{rel}","templated":true}]}}