{"id":18591,"date":"2024-03-01T16:08:22","date_gmt":"2024-03-01T19:08:22","guid":{"rendered":"https:\/\/dgospel.com.br\/portal\/?p=18591"},"modified":"2024-03-01T16:08:23","modified_gmt":"2024-03-01T19:08:23","slug":"goias-e-israel-assinam-acordo-contra-o-antissemitismo","status":"publish","type":"post","link":"https:\/\/dgospel.com.br\/portal\/index.php\/2024\/03\/01\/goias-e-israel-assinam-acordo-contra-o-antissemitismo\/","title":{"rendered":"Goi\u00e1s e Israel assinam acordo contra o antissemitismo"},"content":{"rendered":"\n<p>Nesta quarta-feira (28), o governador de Goi\u00e1s, Ronaldo Caiado (Uni\u00e3o Brasil), assinou uma declara\u00e7\u00e3o de ades\u00e3o \u00e0 defini\u00e7\u00e3o de trabalho de antissemitismo junto ao embaixador de Israel no Brasil, Daniel Zonshine. A assinatura aconteceu durante a inaugura\u00e7\u00e3o do Parque \u201cAM ISRAEL CHAI\u201d em homenagem \u00e0s v\u00edtimas do ataque terrorista do dia 7 de outubro de 2023.<\/p>\n\n\n\n<p>O documento representa um compromisso do estado em implantar ou apoiar pol\u00edticas p\u00fablicas de combate ao preconceito contra o povo israelense e institui\u00e7\u00f5es judaicas.<\/p>\n\n\n\n<p>Com a assinatura, Goi\u00e1s se tornou o primeiro estado brasileiro a aderir \u00e0 defini\u00e7\u00e3o de antissemitismo da Alian\u00e7a Internacional para a Recorda\u00e7\u00e3o do Holocausto (IHRA), que conta com a ades\u00e3o de 35 pa\u00edses e tem como meta \u201ccombater a crescente nega\u00e7\u00e3o do Holocausto e do antissemitismo\u201d em n\u00edvel mundial.<\/p>\n\n\n\n<p>Ao assinar a declara\u00e7\u00e3o, Caiado destacou a import\u00e2ncia do combate a todo tipo de preconceito:<\/p>\n\n\n\n<p>\u2013 Enquanto ente p\u00fablico, temos que contribuir para o combate a todo tipo de preconceito \u2013 disse ele.<\/p>\n\n\n\n<p>Al\u00e9m da ades\u00e3o \u00e0 defini\u00e7\u00e3o de antissemitismo, Caiado tamb\u00e9m assinou uma declara\u00e7\u00e3o conjunta com o governo de Israel para reafirmar o relacionamento entre os dois pa\u00edses e estabelecer compromissos futuros de coopera\u00e7\u00e3o.<\/p>\n\n\n\n<p>Entre as \u00e1reas destacadas para essa parceria est\u00e3o agricultura, gest\u00e3o de recursos h\u00eddricos e saneamento, ci\u00eancia e tecnologia, seguran\u00e7a p\u00fablica, intelig\u00eancia em tr\u00e2nsito e outras \u00e1reas de interesse comum com foco em inova\u00e7\u00e3o.<\/p>\n","protected":false},"excerpt":{"rendered":"<p>Nesta quarta-feira (28), o governador de Goi\u00e1s, Ronaldo Caiado (Uni\u00e3o Brasil), assinou uma declara\u00e7\u00e3o de ades\u00e3o \u00e0 defini\u00e7\u00e3o de trabalho de antissemitismo junto ao embaixador de Israel no Brasil, Daniel Zonshine. A assinatura aconteceu durante a inaugura\u00e7\u00e3o do Parque \u201cAM ISRAEL CHAI\u201d em homenagem \u00e0s v\u00edtimas do ataque terrorista do dia 7 de outubro de [&hellip;]<\/p>\n","protected":false},"author":2,"featured_media":18592,"comment_status":"open","ping_status":"open","sticky":false,"template":"","format":"standard","meta":[],"categories":[11,12,10],"tags":[],"_links":{"self":[{"href":"https:\/\/dgospel.com.br\/portal\/index.php\/wp-json\/wp\/v2\/posts\/18591"}],"collection":[{"href":"https:\/\/dgospel.com.br\/portal\/index.php\/wp-json\/wp\/v2\/posts"}],"about":[{"href":"https:\/\/dgospel.com.br\/portal\/index.php\/wp-json\/wp\/v2\/types\/post"}],"author":[{"embeddable":true,"href":"https:\/\/dgospel.com.br\/portal\/index.php\/wp-json\/wp\/v2\/users\/2"}],"replies":[{"embeddable":true,"href":"https:\/\/dgospel.com.br\/portal\/index.php\/wp-json\/wp\/v2\/comments?post=18591"}],"version-history":[{"count":1,"href":"https:\/\/dgospel.com.br\/portal\/index.php\/wp-json\/wp\/v2\/posts\/18591\/revisions"}],"predecessor-version":[{"id":18593,"href":"https:\/\/dgospel.com.br\/portal\/index.php\/wp-json\/wp\/v2\/posts\/18591\/revisions\/18593"}],"wp:featuredmedia":[{"embeddable":true,"href":"https:\/\/dgospel.com.br\/portal\/index.php\/wp-json\/wp\/v2\/media\/18592"}],"wp:attachment":[{"href":"https:\/\/dgospel.com.br\/portal\/index.php\/wp-json\/wp\/v2\/media?parent=18591"}],"wp:term":[{"taxonomy":"category","embeddable":true,"href":"https:\/\/dgospel.com.br\/portal\/index.php\/wp-json\/wp\/v2\/categories?post=18591"},{"taxonomy":"post_tag","embeddable":true,"href":"https:\/\/dgospel.com.br\/portal\/index.php\/wp-json\/wp\/v2\/tags?post=18591"}],"curies":[{"name":"wp","href":"https:\/\/api.w.org\/{rel}","templated":true}]}}