{"id":18594,"date":"2024-03-01T16:19:11","date_gmt":"2024-03-01T19:19:11","guid":{"rendered":"https:\/\/dgospel.com.br\/portal\/?p=18594"},"modified":"2024-03-01T16:19:12","modified_gmt":"2024-03-01T19:19:12","slug":"dengue-bate-um-milhao-de-casos-bia-kicis-denuncia-caos-na-saude","status":"publish","type":"post","link":"https:\/\/dgospel.com.br\/portal\/index.php\/2024\/03\/01\/dengue-bate-um-milhao-de-casos-bia-kicis-denuncia-caos-na-saude\/","title":{"rendered":"Dengue bate um milh\u00e3o de casos; Bia Kicis denuncia \u2018caos na sa\u00fade\u2019"},"content":{"rendered":"\n<p>Desde o in\u00edcio do ano, o Brasil registrou 1.017.278 casos prov\u00e1veis de dengue e 214 mortes confirmadas pela doen\u00e7a. Outros 687 \u00f3bitos est\u00e3o em investiga\u00e7\u00e3o. O coeficiente de incid\u00eancia da dengue no pa\u00eds, neste momento, \u00e9 de 501 casos para cada grupo de 100 mil habitantes. Os dados s\u00e3o do Painel de Monitoramento das Arboviroses, divulgados nesta quinta-feira (29), em Bras\u00edlia, pelo do Minist\u00e9rio da Sa\u00fade.<\/p>\n\n\n\n<p>Diante deste cen\u00e1rio oriundo da\u00a0<a rel=\"noreferrer noopener\" href=\"https:\/\/pleno.news\/brasil\/politica-nacional\/lula-negligenciou-compra-de-vacinas-em-2023-e-dengue-bate-recorde.html\" target=\"_blank\">neglig\u00eancia vacinal cometida pelo governo Lula<\/a>, a deputada federal Bia Kicis (PL-DF) usou suas redes sociais nesta sexta-feira (1\u00ba) para denunciar que \u201co Brasil vive o caos na sa\u00fade\u201d e criticar a gest\u00e3o petista.<\/p>\n\n\n\n<p>\u2013 Falta de gest\u00e3o, politiza\u00e7\u00e3o da sa\u00fade e incompet\u00eancia. O Brasil vive o caos na sa\u00fade \u2013 observou.<\/p>\n\n\n\n<p>A parlamentar advertiu para o duplo padr\u00e3o adotado na abordagem dispensada ao ex-presidente Jair Bolsonaro (PL) e, agora, ao presidente Lula, embora a propor\u00e7\u00e3o do desafio sanit\u00e1rio n\u00e3o seja equivalente.<\/p>\n\n\n\n<p>\u2013 Aqueles que l\u00e1 atr\u00e1s chamavam Jair Bolsonaro de genocida, agora dizem que a vacina da dengue n\u00e3o \u00e9 a solu\u00e7\u00e3o e compram um n\u00famero irris\u00f3rio de imunizantes \u2013 disparou Kicis em seu perfil na rede social X, antigo Twitter.<\/p>\n\n\n\n<figure class=\"wp-block-image\"><img src=\"https:\/\/static.cdn.pleno.news\/2024\/03\/Bia-Kicis.png\" alt=\"\" class=\"wp-image-1286660\"\/><\/figure>\n\n\n\n<p>*Com informa\u00e7\u00f5es Ag\u00eancia Brasil<\/p>\n","protected":false},"excerpt":{"rendered":"<p>Desde o in\u00edcio do ano, o Brasil registrou 1.017.278 casos prov\u00e1veis de dengue e 214 mortes confirmadas pela doen\u00e7a. Outros 687 \u00f3bitos est\u00e3o em investiga\u00e7\u00e3o. O coeficiente de incid\u00eancia da dengue no pa\u00eds, neste momento, \u00e9 de 501 casos para cada grupo de 100 mil habitantes. Os dados s\u00e3o do Painel de Monitoramento das Arboviroses, [&hellip;]<\/p>\n","protected":false},"author":2,"featured_media":18595,"comment_status":"open","ping_status":"open","sticky":false,"template":"","format":"standard","meta":[],"categories":[8,11,12],"tags":[],"_links":{"self":[{"href":"https:\/\/dgospel.com.br\/portal\/index.php\/wp-json\/wp\/v2\/posts\/18594"}],"collection":[{"href":"https:\/\/dgospel.com.br\/portal\/index.php\/wp-json\/wp\/v2\/posts"}],"about":[{"href":"https:\/\/dgospel.com.br\/portal\/index.php\/wp-json\/wp\/v2\/types\/post"}],"author":[{"embeddable":true,"href":"https:\/\/dgospel.com.br\/portal\/index.php\/wp-json\/wp\/v2\/users\/2"}],"replies":[{"embeddable":true,"href":"https:\/\/dgospel.com.br\/portal\/index.php\/wp-json\/wp\/v2\/comments?post=18594"}],"version-history":[{"count":1,"href":"https:\/\/dgospel.com.br\/portal\/index.php\/wp-json\/wp\/v2\/posts\/18594\/revisions"}],"predecessor-version":[{"id":18596,"href":"https:\/\/dgospel.com.br\/portal\/index.php\/wp-json\/wp\/v2\/posts\/18594\/revisions\/18596"}],"wp:featuredmedia":[{"embeddable":true,"href":"https:\/\/dgospel.com.br\/portal\/index.php\/wp-json\/wp\/v2\/media\/18595"}],"wp:attachment":[{"href":"https:\/\/dgospel.com.br\/portal\/index.php\/wp-json\/wp\/v2\/media?parent=18594"}],"wp:term":[{"taxonomy":"category","embeddable":true,"href":"https:\/\/dgospel.com.br\/portal\/index.php\/wp-json\/wp\/v2\/categories?post=18594"},{"taxonomy":"post_tag","embeddable":true,"href":"https:\/\/dgospel.com.br\/portal\/index.php\/wp-json\/wp\/v2\/tags?post=18594"}],"curies":[{"name":"wp","href":"https:\/\/api.w.org\/{rel}","templated":true}]}}