{"id":18597,"date":"2024-03-01T16:23:29","date_gmt":"2024-03-01T19:23:29","guid":{"rendered":"https:\/\/dgospel.com.br\/portal\/?p=18597"},"modified":"2024-03-01T17:03:25","modified_gmt":"2024-03-01T20:03:25","slug":"parlamentares-do-pl-querem-homenagear-malafaia-na-camara","status":"publish","type":"post","link":"https:\/\/dgospel.com.br\/portal\/index.php\/2024\/03\/01\/parlamentares-do-pl-querem-homenagear-malafaia-na-camara\/","title":{"rendered":"Parlamentares querem homenagear Malafaia na C\u00e2mara"},"content":{"rendered":"\n<p>Nesta quinta-feira (29), um grupo de deputados do Partido Liberal (PL) apresentou um pedido \u00e0 C\u00e2mara para a realiza\u00e7\u00e3o de uma sess\u00e3o solene em homenagem ao pastor Silas Malafaia. Para o grupo, o religioso \u201ctem desempenhado um papel fundamental na propaga\u00e7\u00e3o dos valores crist\u00e3os, inspirando e guiando in\u00fameras pessoas em sua jornada espiritual\u201d.<\/p>\n\n\n\n<p>No \u00faltimo domingo (25), Malafaia participou de uma manifesta\u00e7\u00e3o em S\u00e3o Paulo em apoio ao ex-presidente Jair Bolsonaro. Durante seu discurso, o pastor criticou uma \u201cengenharia do mal para querer prender\u201d Bolsonaro.<\/p>\n\n\n\n<p>No documento, os parlamentares dizem reconhecer e valorizar \u201cos esfor\u00e7os incans\u00e1veis do pastor Silas Malafaia em promover a unidade, a solidariedade e o entendimento em meio \u00e0s diversidades. Suas mensagens inspiradoras t\u00eam tocado cora\u00e7\u00f5es e oferecido orienta\u00e7\u00e3o espiritual a muitos que buscam conforto e dire\u00e7\u00e3o\u201d.<\/p>\n\n\n\n<p>O pedido \u00e9 assinado pelos deputados Coronel Chris\u00f3stomo (PL-RO), Sargento Fahur (PSD-PR), Carla Zambelli (PL-SP), Roberta Roma (PL-BA), Altineu C\u00f4rtes (PL-RJ) e S\u00f3stenes Cavalcante (PL-RJ). Eles sugerem que a sess\u00e3o de homenagem ocorra em 29 de abril.<\/p>\n","protected":false},"excerpt":{"rendered":"<p>Nesta quinta-feira (29), um grupo de deputados do Partido Liberal (PL) apresentou um pedido \u00e0 C\u00e2mara para a realiza\u00e7\u00e3o de uma sess\u00e3o solene em homenagem ao pastor Silas Malafaia. Para o grupo, o religioso \u201ctem desempenhado um papel fundamental na propaga\u00e7\u00e3o dos valores crist\u00e3os, inspirando e guiando in\u00fameras pessoas em sua jornada espiritual\u201d. No \u00faltimo [&hellip;]<\/p>\n","protected":false},"author":2,"featured_media":18598,"comment_status":"open","ping_status":"open","sticky":false,"template":"","format":"standard","meta":[],"categories":[8],"tags":[13],"_links":{"self":[{"href":"https:\/\/dgospel.com.br\/portal\/index.php\/wp-json\/wp\/v2\/posts\/18597"}],"collection":[{"href":"https:\/\/dgospel.com.br\/portal\/index.php\/wp-json\/wp\/v2\/posts"}],"about":[{"href":"https:\/\/dgospel.com.br\/portal\/index.php\/wp-json\/wp\/v2\/types\/post"}],"author":[{"embeddable":true,"href":"https:\/\/dgospel.com.br\/portal\/index.php\/wp-json\/wp\/v2\/users\/2"}],"replies":[{"embeddable":true,"href":"https:\/\/dgospel.com.br\/portal\/index.php\/wp-json\/wp\/v2\/comments?post=18597"}],"version-history":[{"count":2,"href":"https:\/\/dgospel.com.br\/portal\/index.php\/wp-json\/wp\/v2\/posts\/18597\/revisions"}],"predecessor-version":[{"id":18600,"href":"https:\/\/dgospel.com.br\/portal\/index.php\/wp-json\/wp\/v2\/posts\/18597\/revisions\/18600"}],"wp:featuredmedia":[{"embeddable":true,"href":"https:\/\/dgospel.com.br\/portal\/index.php\/wp-json\/wp\/v2\/media\/18598"}],"wp:attachment":[{"href":"https:\/\/dgospel.com.br\/portal\/index.php\/wp-json\/wp\/v2\/media?parent=18597"}],"wp:term":[{"taxonomy":"category","embeddable":true,"href":"https:\/\/dgospel.com.br\/portal\/index.php\/wp-json\/wp\/v2\/categories?post=18597"},{"taxonomy":"post_tag","embeddable":true,"href":"https:\/\/dgospel.com.br\/portal\/index.php\/wp-json\/wp\/v2\/tags?post=18597"}],"curies":[{"name":"wp","href":"https:\/\/api.w.org\/{rel}","templated":true}]}}