{"id":18610,"date":"2024-03-02T08:59:59","date_gmt":"2024-03-02T11:59:59","guid":{"rendered":"https:\/\/dgospel.com.br\/portal\/?p=18610"},"modified":"2024-03-02T09:00:00","modified_gmt":"2024-03-02T12:00:00","slug":"lula-e-maduro-discutem-sobre-cooperacao-entre-os-paises","status":"publish","type":"post","link":"https:\/\/dgospel.com.br\/portal\/index.php\/2024\/03\/02\/lula-e-maduro-discutem-sobre-cooperacao-entre-os-paises\/","title":{"rendered":"Lula e Maduro discutem sobre coopera\u00e7\u00e3o entre os pa\u00edses"},"content":{"rendered":"\n<p>Nesta sexta-feira (1\u00ba) o presidente Luiz In\u00e1cio Lula da Silva (PT) e o ditador da Venezuela, Nicol\u00e1s Maduro, se encontraram durante a Celac (C\u00fapula da Comunidade de Estados Latino-Americanos e Caribenhos) que acontece em S\u00e3o Vicente e Granadinas, no Caribe.<\/p>\n\n\n\n<p>Durante o encontro, os pol\u00edticos de esquerda conversaram sobre assuntos relacionados \u00e0 coopera\u00e7\u00e3o t\u00e9cnica em agricultura e pecu\u00e1ria. As informa\u00e7\u00f5es s\u00e3o da imprensa venezuelana.<\/p>\n\n\n\n<p>Outro assunto que os l\u00edderes teriam conversado foi a expans\u00e3o da colabora\u00e7\u00e3o, os investimentos e a organiza\u00e7\u00e3o de um encontro entre empres\u00e1rios dos dois pa\u00edses.<\/p>\n\n\n\n<p>Maduro publicou em suas redes sociais a imagem do encontro e comentou sobre como foi se reunir com seu amigo brasileiro.<\/p>\n\n\n\n<p>\u2013 A reuni\u00e3o que tive com o presidente da Rep\u00fablica Federativa do Brasil, Luiz In\u00e1cio Lula da Silva, foi frut\u00edfera, com o prop\u00f3sito de continuar a consolidar as rela\u00e7\u00f5es diplom\u00e1ticas em diferentes setores para o desenvolvimento compartilhado. Compromisso e coopera\u00e7\u00e3o! \u2013 escreveu o ditador.<\/p>\n","protected":false},"excerpt":{"rendered":"<p>Nesta sexta-feira (1\u00ba) o presidente Luiz In\u00e1cio Lula da Silva (PT) e o ditador da Venezuela, Nicol\u00e1s Maduro, se encontraram durante a Celac (C\u00fapula da Comunidade de Estados Latino-Americanos e Caribenhos) que acontece em S\u00e3o Vicente e Granadinas, no Caribe. Durante o encontro, os pol\u00edticos de esquerda conversaram sobre assuntos relacionados \u00e0 coopera\u00e7\u00e3o t\u00e9cnica em [&hellip;]<\/p>\n","protected":false},"author":2,"featured_media":18611,"comment_status":"open","ping_status":"open","sticky":false,"template":"","format":"standard","meta":[],"categories":[11,12,10],"tags":[13],"_links":{"self":[{"href":"https:\/\/dgospel.com.br\/portal\/index.php\/wp-json\/wp\/v2\/posts\/18610"}],"collection":[{"href":"https:\/\/dgospel.com.br\/portal\/index.php\/wp-json\/wp\/v2\/posts"}],"about":[{"href":"https:\/\/dgospel.com.br\/portal\/index.php\/wp-json\/wp\/v2\/types\/post"}],"author":[{"embeddable":true,"href":"https:\/\/dgospel.com.br\/portal\/index.php\/wp-json\/wp\/v2\/users\/2"}],"replies":[{"embeddable":true,"href":"https:\/\/dgospel.com.br\/portal\/index.php\/wp-json\/wp\/v2\/comments?post=18610"}],"version-history":[{"count":1,"href":"https:\/\/dgospel.com.br\/portal\/index.php\/wp-json\/wp\/v2\/posts\/18610\/revisions"}],"predecessor-version":[{"id":18612,"href":"https:\/\/dgospel.com.br\/portal\/index.php\/wp-json\/wp\/v2\/posts\/18610\/revisions\/18612"}],"wp:featuredmedia":[{"embeddable":true,"href":"https:\/\/dgospel.com.br\/portal\/index.php\/wp-json\/wp\/v2\/media\/18611"}],"wp:attachment":[{"href":"https:\/\/dgospel.com.br\/portal\/index.php\/wp-json\/wp\/v2\/media?parent=18610"}],"wp:term":[{"taxonomy":"category","embeddable":true,"href":"https:\/\/dgospel.com.br\/portal\/index.php\/wp-json\/wp\/v2\/categories?post=18610"},{"taxonomy":"post_tag","embeddable":true,"href":"https:\/\/dgospel.com.br\/portal\/index.php\/wp-json\/wp\/v2\/tags?post=18610"}],"curies":[{"name":"wp","href":"https:\/\/api.w.org\/{rel}","templated":true}]}}