{"id":18619,"date":"2024-03-02T09:07:07","date_gmt":"2024-03-02T12:07:07","guid":{"rendered":"https:\/\/dgospel.com.br\/portal\/?p=18619"},"modified":"2024-03-02T09:07:08","modified_gmt":"2024-03-02T12:07:08","slug":"antissemistismo-no-brasil-cresce-263-conforme-federacao-israelita","status":"publish","type":"post","link":"https:\/\/dgospel.com.br\/portal\/index.php\/2024\/03\/02\/antissemistismo-no-brasil-cresce-263-conforme-federacao-israelita\/","title":{"rendered":"Antissemistismo no Brasil cresce 263%, conforme Federa\u00e7\u00e3o Israelita"},"content":{"rendered":"\n<p>De janeiro a fevereiro deste ano, a Fisesp (Federa\u00e7\u00e3o Israelita do Estado de S\u00e3o Paulo) registrou 602 casos de&nbsp;<a href=\"https:\/\/guiame.com.br\/gospel\/israel\/nacoes-que-se-opoem-israel-podem-sofrer-prejuizos-espirituais-alerta-pastor.html\"><strong>antissemitismo<\/strong><\/a>&nbsp;no Brasil, o que representa quase um ter\u00e7o do total de den\u00fancias do ano passado.&nbsp;<\/p>\n\n\n\n<p>O levantamento divulgado tamb\u00e9m destacou que \u201co&nbsp;<a href=\"https:\/\/guiame.com.br\/gospel\/israel\/antissemitismo-aumentou-235-desde-o-inicio-da-guerra-israel-hamas-diz-relatorio.html\"><strong>antissemitismo<\/strong><\/a>&nbsp;subiu 263%\u201d desde que o presidente Luiz In\u00e1cio Lula da Silva (PT) comparou os ataques de Israel ao Hamas \u00e0 trag\u00e9dia do Holocausto.<\/p>\n\n\n\n<p>Sua fala repercutiu internacionalmente. Na semana anterior ao seu discurso, que ocorreu no \u00faltimo dia 18, na Eti\u00f3pia, o Departamento de Seguran\u00e7a Comunit\u00e1ria da Federa\u00e7\u00e3o Israelita recebeu 46 den\u00fancias referentes \u00e0s institui\u00e7\u00f5es de ensino. Ap\u00f3s o pronunciamento, ocorreram novas 165 den\u00fancias, segundo a entidade.<\/p>\n\n\n\n<p><strong>Ataques virtuais<\/strong><\/p>\n\n\n\n<p>De acordo com a CNN, os dados da federa\u00e7\u00e3o apontam que os ataques acontecem, majoritariamente, no ambiente virtual por meio de mensagens em grupos de Whatsapp e em redes sociais.<\/p>\n\n\n\n<p>Tamb\u00e9m h\u00e1 queixas de judeus que foram v\u00edtimas de agress\u00f5es verbais em ambientes escolares e universit\u00e1rios. Para o presidente da Fisesp, Marcos Knobel, a afirma\u00e7\u00e3o de Lula potencializou uma onda antissemita.<\/p>\n\n\n\n<p>\u201cA afirma\u00e7\u00e3o feita pelo presidente fez uma perversa distor\u00e7\u00e3o da realidade, pois estamos vivendo uma onda de ataques antissemitas desde o ataque do Hamas a Israel em 7 de outubro, e isso ganhou ainda mais for\u00e7a ap\u00f3s a declara\u00e7\u00e3o\u201d, afirmou Knobel.<\/p>\n\n\n\n<p>\u201cOs judeus no Brasil est\u00e3o sendo atacados em qualquer lugar. Inclusive, quatro dessas den\u00fancias s\u00e3o extremamente preocupantes, pois s\u00e3o de jovens em idade escolar que sofreram ataques dentro das institui\u00e7\u00f5es de ensino onde estudam, o que coloca a sua seguran\u00e7a em jogo\u201d, acrescentou ao concluir.<\/p>\n","protected":false},"excerpt":{"rendered":"<p>De janeiro a fevereiro deste ano, a Fisesp (Federa\u00e7\u00e3o Israelita do Estado de S\u00e3o Paulo) registrou 602 casos de&nbsp;antissemitismo&nbsp;no Brasil, o que representa quase um ter\u00e7o do total de den\u00fancias do ano passado.&nbsp; O levantamento divulgado tamb\u00e9m destacou que \u201co&nbsp;antissemitismo&nbsp;subiu 263%\u201d desde que o presidente Luiz In\u00e1cio Lula da Silva (PT) comparou os ataques de [&hellip;]<\/p>\n","protected":false},"author":2,"featured_media":18620,"comment_status":"open","ping_status":"open","sticky":false,"template":"","format":"standard","meta":[],"categories":[11,12,16],"tags":[],"_links":{"self":[{"href":"https:\/\/dgospel.com.br\/portal\/index.php\/wp-json\/wp\/v2\/posts\/18619"}],"collection":[{"href":"https:\/\/dgospel.com.br\/portal\/index.php\/wp-json\/wp\/v2\/posts"}],"about":[{"href":"https:\/\/dgospel.com.br\/portal\/index.php\/wp-json\/wp\/v2\/types\/post"}],"author":[{"embeddable":true,"href":"https:\/\/dgospel.com.br\/portal\/index.php\/wp-json\/wp\/v2\/users\/2"}],"replies":[{"embeddable":true,"href":"https:\/\/dgospel.com.br\/portal\/index.php\/wp-json\/wp\/v2\/comments?post=18619"}],"version-history":[{"count":1,"href":"https:\/\/dgospel.com.br\/portal\/index.php\/wp-json\/wp\/v2\/posts\/18619\/revisions"}],"predecessor-version":[{"id":18621,"href":"https:\/\/dgospel.com.br\/portal\/index.php\/wp-json\/wp\/v2\/posts\/18619\/revisions\/18621"}],"wp:featuredmedia":[{"embeddable":true,"href":"https:\/\/dgospel.com.br\/portal\/index.php\/wp-json\/wp\/v2\/media\/18620"}],"wp:attachment":[{"href":"https:\/\/dgospel.com.br\/portal\/index.php\/wp-json\/wp\/v2\/media?parent=18619"}],"wp:term":[{"taxonomy":"category","embeddable":true,"href":"https:\/\/dgospel.com.br\/portal\/index.php\/wp-json\/wp\/v2\/categories?post=18619"},{"taxonomy":"post_tag","embeddable":true,"href":"https:\/\/dgospel.com.br\/portal\/index.php\/wp-json\/wp\/v2\/tags?post=18619"}],"curies":[{"name":"wp","href":"https:\/\/api.w.org\/{rel}","templated":true}]}}