{"id":18632,"date":"2024-03-07T08:57:06","date_gmt":"2024-03-07T11:57:06","guid":{"rendered":"https:\/\/dgospel.com.br\/portal\/?p=18632"},"modified":"2024-03-07T10:35:16","modified_gmt":"2024-03-07T13:35:16","slug":"assembleia-legislativa-do-es-derruba-decisao-de-moraes-em-votacao-favoravel-a-soltura-de-capitao-assumcao","status":"publish","type":"post","link":"https:\/\/dgospel.com.br\/portal\/index.php\/2024\/03\/07\/assembleia-legislativa-do-es-derruba-decisao-de-moraes-em-votacao-favoravel-a-soltura-de-capitao-assumcao\/","title":{"rendered":"Assembleia legislativa do ES derruba decis\u00e3o de Moraes, em vota\u00e7\u00e3o favor\u00e1vel \u00e0 soltura de Capit\u00e3o Assum\u00e7\u00e3o"},"content":{"rendered":"\n<p>a Assembleia Legislativa do Esp\u00edrito Santo (Ales) optou pela libera\u00e7\u00e3o do deputado Capit\u00e3o Assum\u00e7\u00e3o (PL-ES), com um placar de 24 votos a favor e apenas 4 contr\u00e1rios. Esta a\u00e7\u00e3o ocorreu na quarta-feira, 6, culminando com a revoga\u00e7\u00e3o da deten\u00e7\u00e3o de Assum\u00e7\u00e3o, que se encontrava preso desde o dia 28 do m\u00eas anterior, sob a ordem do ministro Alexandre de Moraes, do Supremo Tribunal Federal (STF).<\/p>\n\n\n\n<p>Os parlamentares Iriny Lopes (PT), Camila Valad\u00e3o (PSOL), Tyago Hoffmann (PSD), e Jo\u00e3o Coser (PT) posicionaram-se contra a soltura, enquanto Marcelo Santos, presidente da Ales, preferiu a absten\u00e7\u00e3o. A decis\u00e3o da Assembleia, que necessitava de no m\u00ednimo 16 votos favor\u00e1veis para proceder com a revoga\u00e7\u00e3o, ser\u00e1 agora formalizada em resolu\u00e7\u00e3o e remetida ao Supremo para as provid\u00eancias cab\u00edveis referentes \u00e0 liberta\u00e7\u00e3o do deputado.<\/p>\n\n\n\n<p>Entre os votos, destacam-se figuras como Adilson Espindula (PDT), Alc\u00e2ntaro Filho (Republicanos), e Alexandre Xambinho (Podemos), demonstrando um espectro variado de apoio. Em contraparte, a resist\u00eancia veio de membros do PT, PSOL e PSB, ilustrando uma clara divis\u00e3o de opini\u00f5es dentro da casa legislativa.<\/p>\n\n\n\n<p>A decis\u00e3o da Ales marca um ponto de inflex\u00e3o no caso de Assum\u00e7\u00e3o, revelando as complexas din\u00e2micas pol\u00edticas e judiciais em jogo. Agora, os olhos se voltam para o Supremo, \u00e0 espera das pr\u00f3ximas etapas neste epis\u00f3dio que mescla direito, pol\u00edtica e a cont\u00ednua negocia\u00e7\u00e3o entre as esferas de poder.<\/p>\n","protected":false},"excerpt":{"rendered":"<p>a Assembleia Legislativa do Esp\u00edrito Santo (Ales) optou pela libera\u00e7\u00e3o do deputado Capit\u00e3o Assum\u00e7\u00e3o (PL-ES), com um placar de 24 votos a favor e apenas 4 contr\u00e1rios. Esta a\u00e7\u00e3o ocorreu na quarta-feira, 6, culminando com a revoga\u00e7\u00e3o da deten\u00e7\u00e3o de Assum\u00e7\u00e3o, que se encontrava preso desde o dia 28 do m\u00eas anterior, sob a ordem [&hellip;]<\/p>\n","protected":false},"author":2,"featured_media":18633,"comment_status":"open","ping_status":"open","sticky":false,"template":"","format":"standard","meta":[],"categories":[10],"tags":[13],"_links":{"self":[{"href":"https:\/\/dgospel.com.br\/portal\/index.php\/wp-json\/wp\/v2\/posts\/18632"}],"collection":[{"href":"https:\/\/dgospel.com.br\/portal\/index.php\/wp-json\/wp\/v2\/posts"}],"about":[{"href":"https:\/\/dgospel.com.br\/portal\/index.php\/wp-json\/wp\/v2\/types\/post"}],"author":[{"embeddable":true,"href":"https:\/\/dgospel.com.br\/portal\/index.php\/wp-json\/wp\/v2\/users\/2"}],"replies":[{"embeddable":true,"href":"https:\/\/dgospel.com.br\/portal\/index.php\/wp-json\/wp\/v2\/comments?post=18632"}],"version-history":[{"count":1,"href":"https:\/\/dgospel.com.br\/portal\/index.php\/wp-json\/wp\/v2\/posts\/18632\/revisions"}],"predecessor-version":[{"id":18634,"href":"https:\/\/dgospel.com.br\/portal\/index.php\/wp-json\/wp\/v2\/posts\/18632\/revisions\/18634"}],"wp:featuredmedia":[{"embeddable":true,"href":"https:\/\/dgospel.com.br\/portal\/index.php\/wp-json\/wp\/v2\/media\/18633"}],"wp:attachment":[{"href":"https:\/\/dgospel.com.br\/portal\/index.php\/wp-json\/wp\/v2\/media?parent=18632"}],"wp:term":[{"taxonomy":"category","embeddable":true,"href":"https:\/\/dgospel.com.br\/portal\/index.php\/wp-json\/wp\/v2\/categories?post=18632"},{"taxonomy":"post_tag","embeddable":true,"href":"https:\/\/dgospel.com.br\/portal\/index.php\/wp-json\/wp\/v2\/tags?post=18632"}],"curies":[{"name":"wp","href":"https:\/\/api.w.org\/{rel}","templated":true}]}}